{"id":3571,"date":"2026-04-20T10:51:22","date_gmt":"2026-04-20T10:51:22","guid":{"rendered":"https:\/\/plazatorossevilla.com\/bilhetes-para-touradas-sevilha-2026\/"},"modified":"2026-04-22T14:57:56","modified_gmt":"2026-04-22T14:57:56","slug":"bilhetes-para-touradas-sevilha-2026","status":"publish","type":"post","link":"https:\/\/plazatorossevilla.com\/pt-pt\/bilhetes-para-touradas-sevilha-2026\/","title":{"rendered":"Bilhetes para touradas Sevilha 2026"},"content":{"rendered":"<section class=\"l-section wpb_row height_medium with_img\"><div class=\"l-section-img\" role=\"img\" aria-label=\"bilhetes touradas sevilha 2026\" data-img-width=\"1200\" data-img-height=\"926\" style=\"background-image: url(https:\/\/plazatorossevilla.com\/wp-content\/uploads\/2026\/04\/QJBRS2GGFBBU3HH4VICQOCLA7M.avif);background-repeat: no-repeat;\"><\/div><div class=\"l-section-overlay\" style=\"background:rgba(0,0,0,0.53)\"><\/div><div class=\"l-section-h i-cf\"><div class=\"g-cols vc_row via_grid cols_1 laptops-cols_inherit tablets-cols_inherit mobiles-cols_1 valign_top type_default stacking_default\"><div class=\"wpb_column vc_column_container\"><div class=\"vc_column-inner\"><div class=\"wpb_text_column us_custom_6df4bc3a has_text_color\"><div class=\"wpb_wrapper\"><h1 data-section-id=\"1aw62ly\" data-start=\"172\" data-end=\"266\">Bilhetes para touradas Sevilha 2026: Feira de Abril e S\u00e3o Miguel na Maestranza<\/h1>\n<\/div><\/div><\/div><\/div><\/div><\/div><\/section><section class=\"l-section wpb_row height_medium\"><div class=\"l-section-h i-cf\"><div class=\"g-cols vc_row via_grid cols_2-1 laptops-cols_inherit tablets-cols_inherit mobiles-cols_1 valign_top type_default stacking_default\"><div class=\"wpb_column vc_column_container\"><div class=\"vc_column-inner\"><div class=\"wpb_text_column\"><div class=\"wpb_wrapper\"><p data-start=\"259\" data-end=\"544\">As <strong data-start=\"263\" data-end=\"300\">touradas em Sevilha 2026<\/strong> voltam a colocar a Real Maestranza como um dos epicentros mundiais da tauromaquia. A temporada taurina sevilhana combina tradi\u00e7\u00e3o, figuras de primeiro n\u00edvel e uma procura crescente tanto de aficionados como de turismo internacional.<\/p>\n<p data-start=\"546\" data-end=\"706\">Se procura <strong data-start=\"564\" data-end=\"603\">bilhetes para touradas em Sevilha 2026<\/strong>, aqui encontrar\u00e1 toda a informa\u00e7\u00e3o atualizada sobre datas, cart\u00e9is e como garantir o seu lugar.<\/p>\n<hr data-start=\"708\" data-end=\"711\" \/>\n<h2 data-section-id=\"1bp1i6n\" data-start=\"713\" data-end=\"763\">Temporada taurina Sevilha 2026: datas chave<\/h2>\n<p data-start=\"765\" data-end=\"848\">A temporada na Pra\u00e7a de Touros da Maestranza divide-se em dois grandes ciclos:<\/p>\n<h3 data-section-id=\"1n1ea4o\" data-start=\"850\" data-end=\"876\">Feira de Abril 2026<\/h3>\n<ul data-start=\"877\" data-end=\"979\">\n<li data-section-id=\"166xm15\" data-start=\"877\" data-end=\"904\">Celebra\u00e7\u00e3o: abril de 2026<\/li>\n<li data-section-id=\"3c9fix\" data-start=\"905\" data-end=\"950\">Corridas destacadas com figuras do toureio<\/li>\n<li data-section-id=\"10v5shp\" data-start=\"951\" data-end=\"979\">Alta ocupa\u00e7\u00e3o tur\u00edstica<\/li>\n<\/ul>\n<p data-start=\"981\" data-end=\"1177\">A Feira de Abril \u00e9 um dos momentos mais importantes do calend\u00e1rio taurino, com um ciclo de festejos que re\u00fane as principais figuras do escalaf\u00f3n. <span class=\"\" data-state=\"closed\"><\/span><\/p>\n<h3 data-section-id=\"1wz36ed\" data-start=\"1184\" data-end=\"1215\">Feira de San Miguel 2026<\/h3>\n<ul data-start=\"1216\" data-end=\"1295\">\n<li data-section-id=\"wwyt43\" data-start=\"1216\" data-end=\"1261\">Data-chave: <strong data-start=\"1231\" data-end=\"1259\">27 de setembro de 2026<\/strong><\/li>\n<li data-section-id=\"1rm4nlg\" data-start=\"1262\" data-end=\"1295\">Evento de encerramento da temporada<\/li>\n<\/ul>\n<p data-start=\"1297\" data-end=\"1437\">A Feira de San Miguel representa o fecho da temporada em Sevilha, com cartazes de alto n\u00edvel e uma forte procura de bilhetes.<\/p>\n<hr data-start=\"1439\" data-end=\"1442\" \/>\n<h2 data-section-id=\"1uxiw75\" data-start=\"1444\" data-end=\"1492\">Cartel destacado: 27 de setembro de 2026<\/h2>\n<p data-start=\"1494\" data-end=\"1581\">Um dos eventos mais esperados do ano ser\u00e1 a corrida da Feira de S\u00e3o Miguel com:<\/p>\n<ul data-start=\"1583\" data-end=\"1669\">\n<li data-section-id=\"1p40u79\" data-start=\"1583\" data-end=\"1607\">Morante de la Puebla<\/li>\n<li data-section-id=\"1vdizdn\" data-start=\"1608\" data-end=\"1624\">Daniel Luque<\/li>\n<li data-section-id=\"1dbvvnu\" data-start=\"1625\" data-end=\"1642\">Borja Jim\u00e9nez<\/li>\n<li data-section-id=\"1itv84h\" data-start=\"1643\" data-end=\"1669\">Ganadaria: Garcigrande<\/li>\n<\/ul>\n<p data-start=\"1671\" data-end=\"1838\">Este festejo marca o <strong data-start=\"1693\" data-end=\"1742\">quinto passe\u00edllo de Morante em Sevilha em 2026<\/strong>, consolidando o seu protagonismo absoluto na temporada. <span class=\"\" data-state=\"closed\"><\/span><\/p>\n<hr data-start=\"1840\" data-end=\"1843\" \/>\n<h2 data-section-id=\"bv12t2\" data-start=\"1845\" data-end=\"1903\">Bilhetes esgotados em horas: m\u00e1xima procura em Sevilha<\/h2>\n<p data-start=\"1905\" data-end=\"2144\">O interesse pelas corridas em Sevilha 2026 \u00e9 t\u00e3o alto que alguns festejos registaram <strong data-start=\"1997\" data-end=\"2039\">bilhetes esgotados em menos de 24 horas<\/strong>, especialmente aqueles protagonizados por Morante de la Puebla. <span class=\"\" data-state=\"closed\"><\/span><\/p>\n<p data-start=\"2146\" data-end=\"2180\">Isto confirma uma tend\u00eancia clara:<\/p>\n<ul data-start=\"2182\" data-end=\"2290\">\n<li data-section-id=\"1x7gi59\" data-start=\"2182\" data-end=\"2213\">Aumento do turismo taurino<\/li>\n<li data-section-id=\"v8ibg3\" data-start=\"2214\" data-end=\"2245\">Maior interesse internacional<\/li>\n<li data-section-id=\"11f9a0x\" data-start=\"2246\" data-end=\"2290\">Cart\u00e9is com figuras no seu melhor momento<\/li>\n<\/ul>\n<hr data-start=\"2292\" data-end=\"2295\" \/>\n<h2 data-section-id=\"s313dq\" data-start=\"2297\" data-end=\"2352\">Pra\u00e7a de Touros de Sevilha: uma experi\u00eancia \u00fanica<\/h2>\n<p data-start=\"2354\" data-end=\"2432\">A Real Maestranza de Sevilha \u00e9 uma das pra\u00e7as mais emblem\u00e1ticas do mundo:<\/p>\n<ul data-start=\"2434\" data-end=\"2558\">\n<li data-section-id=\"d89p2m\" data-start=\"2434\" data-end=\"2469\">Localizada no bairro do Arenal<\/li>\n<li data-section-id=\"1r8njkj\" data-start=\"2470\" data-end=\"2514\">Arquitetura hist\u00f3rica de estilo barroco<\/li>\n<li data-section-id=\"jpjciw\" data-start=\"2515\" data-end=\"2558\">Cen\u00e1rio de grandes momentos do toureio<\/li>\n<\/ul>\n<p data-start=\"2560\" data-end=\"2679\">\u00c9 considerada uma das pra\u00e7as mais importantes de Espanha e do mundo taurino. <span class=\"\" data-state=\"closed\"><\/span><\/p>\n<hr data-start=\"2681\" data-end=\"2684\" \/>\n<h2 data-section-id=\"q9kkir\" data-start=\"2686\" data-end=\"2741\">Como comprar bilhetes para touradas em Sevilha 2026<\/h2>\n<p data-start=\"2743\" data-end=\"2785\">Devido \u00e0 alta procura, \u00e9 recomend\u00e1vel:<\/p>\n<ul data-start=\"2787\" data-end=\"2989\">\n<li data-section-id=\"1y4n3wk\" data-start=\"2787\" data-end=\"2822\">Comprar bilhetes com anteced\u00eancia<\/li>\n<li data-section-id=\"1ia8s7y\" data-start=\"2823\" data-end=\"2871\">Reservar online para garantir disponibilidade<\/li>\n<li data-section-id=\"58wxf3\" data-start=\"2872\" data-end=\"2989\">Escolher bem o lugar:\n<ul data-start=\"2902\" data-end=\"2989\">\n<li data-section-id=\"175vlct\" data-start=\"2902\" data-end=\"2913\">Barreira<\/li>\n<li data-section-id=\"gtg4t4\" data-start=\"2916\" data-end=\"2933\">Contrabarreira<\/li>\n<li data-section-id=\"1q7rmx6\" data-start=\"2936\" data-end=\"2976\">Tendido (sol, sombra ou sol e sombra)<\/li>\n<li data-section-id=\"1l8hr8q\" data-start=\"2979\" data-end=\"2989\">Camarotes<\/li>\n<\/ul>\n<\/li>\n<\/ul>\n<p data-start=\"2991\" data-end=\"3112\">Neste site pode consultar a disponibilidade atualizada e reservar os seus bilhetes para as touradas em Sevilha.<\/p>\n<hr data-start=\"3114\" data-end=\"3117\" \/>\n<h2 data-section-id=\"5emnv7\" data-start=\"3119\" data-end=\"3178\">Sevilha 2026: destino chave para viver a tauromaquia<\/h2>\n<p data-start=\"3180\" data-end=\"3311\">A temporada de 2026 est\u00e1 a atrair milhares de visitantes internacionais que procuram viver uma experi\u00eancia aut\u00eantica na Maestranza.<\/p>\n<p data-start=\"3313\" data-end=\"3333\">Principais motivos:<\/p>\n<ul data-start=\"3335\" data-end=\"3452\">\n<li data-section-id=\"8ebbbv\" data-start=\"3335\" data-end=\"3363\">Cart\u00e9is de primeiro n\u00edvel<\/li>\n<li data-section-id=\"1q227gb\" data-start=\"3364\" data-end=\"3393\">Tradi\u00e7\u00e3o e cultura \u00fanica<\/li>\n<li data-section-id=\"fqz6ey\" data-start=\"3394\" data-end=\"3452\">Eventos exclusivos como a Feira de Abril e S\u00e3o Miguel<\/li>\n<\/ul>\n<\/div><\/div><div class=\"w-separator size_small\"><\/div><div class=\"wpb_text_column\"><div class=\"wpb_wrapper\"><h4 style=\"text-align: center;\"><strong>Cartel Touradas Sevilha 2026<\/strong><\/h4>\n<\/div><\/div><div class=\"w-separator size_small\"><\/div><div class=\"w-image align_none\"><div class=\"w-image-h\"><img decoding=\"async\" width=\"1024\" height=\"858\" src=\"https:\/\/plazatorossevilla.com\/wp-content\/uploads\/2026\/04\/rgerge-1024x858.jpg\" class=\"attachment-large size-large\" alt=\"entradas toros sevilla 2026 2\" loading=\"lazy\" srcset=\"https:\/\/plazatorossevilla.com\/wp-content\/uploads\/2026\/04\/rgerge-1024x858.jpg 1024w, https:\/\/plazatorossevilla.com\/wp-content\/uploads\/2026\/04\/rgerge-300x251.jpg 300w, https:\/\/plazatorossevilla.com\/wp-content\/uploads\/2026\/04\/rgerge-600x503.jpg 600w, https:\/\/plazatorossevilla.com\/wp-content\/uploads\/2026\/04\/rgerge.jpg 1026w\" sizes=\"auto, (max-width: 1024px) 100vw, 1024px\" \/><\/div><\/div><\/div><\/div><div class=\"wpb_column vc_column_container\"><div class=\"vc_column-inner\"><div class=\"w-btn-wrapper align_center\"><a class=\"w-btn us-btn-style_1\" href=\"https:\/\/plazatorossevilla.com\/entradas-corridas-de-toros\/\"><span class=\"w-btn-label\">Bilhetes para as Corridas<\/span><\/a><\/div><div class=\"w-separator size_small\"><\/div><div class=\"w-image align_none\"><div class=\"w-image-h\"><img decoding=\"async\" width=\"1024\" height=\"790\" src=\"https:\/\/plazatorossevilla.com\/wp-content\/uploads\/2026\/04\/QJBRS2GGFBBU3HH4VICQOCLA7M-1024x790.avif\" class=\"attachment-large size-large\" alt=\"bilhetes touradas sevilha 2026\" loading=\"lazy\" srcset=\"https:\/\/plazatorossevilla.com\/wp-content\/uploads\/2026\/04\/QJBRS2GGFBBU3HH4VICQOCLA7M-1024x790.avif 1024w, https:\/\/plazatorossevilla.com\/wp-content\/uploads\/2026\/04\/QJBRS2GGFBBU3HH4VICQOCLA7M-300x232.avif 300w, https:\/\/plazatorossevilla.com\/wp-content\/uploads\/2026\/04\/QJBRS2GGFBBU3HH4VICQOCLA7M-600x463.avif 600w, https:\/\/plazatorossevilla.com\/wp-content\/uploads\/2026\/04\/QJBRS2GGFBBU3HH4VICQOCLA7M.avif 1200w\" sizes=\"auto, (max-width: 1024px) 100vw, 1024px\" \/><\/div><\/div><div class=\"w-separator size_small\"><\/div><div class=\"w-image align_none\"><div class=\"w-image-h\"><img decoding=\"async\" width=\"576\" height=\"1024\" src=\"https:\/\/plazatorossevilla.com\/wp-content\/uploads\/2026\/03\/Cartel-toros-sevilla-2026-576x1024.webp\" class=\"attachment-large size-large\" alt=\"Cartel toros maestranza sevilla 2026\" loading=\"lazy\" srcset=\"https:\/\/plazatorossevilla.com\/wp-content\/uploads\/2026\/03\/Cartel-toros-sevilla-2026-576x1024.webp 576w, https:\/\/plazatorossevilla.com\/wp-content\/uploads\/2026\/03\/Cartel-toros-sevilla-2026-169x300.webp 169w, https:\/\/plazatorossevilla.com\/wp-content\/uploads\/2026\/03\/Cartel-toros-sevilla-2026-600x1067.webp 600w, https:\/\/plazatorossevilla.com\/wp-content\/uploads\/2026\/03\/Cartel-toros-sevilla-2026.webp 1080w\" sizes=\"auto, (max-width: 576px) 100vw, 576px\" \/><\/div><\/div><div class=\"w-separator size_small\"><\/div><div class=\"w-image align_none\"><div class=\"w-image-h\"><img decoding=\"async\" width=\"600\" height=\"600\" src=\"https:\/\/plazatorossevilla.com\/wp-content\/uploads\/2026\/03\/Asientos-plaza-toros-sevilla.webp\" class=\"attachment-large size-large\" alt=\"Lugares pra\u00e7a touros La Maestranza\" loading=\"lazy\" srcset=\"https:\/\/plazatorossevilla.com\/wp-content\/uploads\/2026\/03\/Asientos-plaza-toros-sevilla.webp 600w, https:\/\/plazatorossevilla.com\/wp-content\/uploads\/2026\/03\/Asientos-plaza-toros-sevilla-300x300.webp 300w, https:\/\/plazatorossevilla.com\/wp-content\/uploads\/2026\/03\/Asientos-plaza-toros-sevilla-150x150.webp 150w\" sizes=\"auto, (max-width: 600px) 100vw, 600px\" \/><\/div><\/div><div class=\"w-separator size_small\"><\/div><div class=\"w-image align_none\"><div class=\"w-image-h\"><img decoding=\"async\" width=\"600\" height=\"600\" src=\"https:\/\/plazatorossevilla.com\/wp-content\/uploads\/2026\/03\/Tendidos-plaza-toros.webp\" class=\"attachment-large size-large\" alt=\"Tendidos plaza toros sevilla\" loading=\"lazy\" srcset=\"https:\/\/plazatorossevilla.com\/wp-content\/uploads\/2026\/03\/Tendidos-plaza-toros.webp 600w, https:\/\/plazatorossevilla.com\/wp-content\/uploads\/2026\/03\/Tendidos-plaza-toros-300x300.webp 300w, https:\/\/plazatorossevilla.com\/wp-content\/uploads\/2026\/03\/Tendidos-plaza-toros-150x150.webp 150w\" sizes=\"auto, (max-width: 600px) 100vw, 600px\" \/><\/div><\/div><div class=\"w-separator size_medium\"><\/div><div class=\"wpb_text_column\"><div class=\"wpb_wrapper\"><h4 style=\"text-align: center;\"><strong>Perguntas Frequentes<\/strong><\/h4>\n<\/div><\/div><div class=\"w-separator size_small\"><\/div><div class=\"w-tabs style_default switch_click accordion has_scrolling\" style=\"--sections-title-size:inherit\"><div class=\"w-tabs-sections titles-align_none icon_chevron cpos_right\"><div class=\"w-tabs-section\" id=\"yd79\"><button class=\"w-tabs-section-header\" aria-controls=\"content-yd79\" aria-expanded=\"false\"><div class=\"w-tabs-section-title\">Quando s\u00e3o as touradas em Sevilha 2026?<\/div><div class=\"w-tabs-section-control\"><\/div><\/button><div  class=\"w-tabs-section-content\" id=\"content-yd79\"><div class=\"w-tabs-section-content-h i-cf\"><div class=\"wpb_text_column\"><div class=\"wpb_wrapper\"><p data-start=\"3555\" data-end=\"3642\">Principalmente durante a Feira de Abril (abril) e a Feira de S\u00e3o Miguel (setembro).<\/p>\n<h3 data-section-id=\"150s3dv\" data-start=\"3644\" data-end=\"3677\"><\/h3>\n<\/div><\/div><\/div><\/div><\/div><div class=\"w-tabs-section\" id=\"uee1\"><button class=\"w-tabs-section-header\" aria-controls=\"content-uee1\" aria-expanded=\"false\"><div class=\"w-tabs-section-title\">Que corrida se destaca em 2026?<\/div><div class=\"w-tabs-section-control\"><\/div><\/button><div  class=\"w-tabs-section-content\" id=\"content-uee1\"><div class=\"w-tabs-section-content-h i-cf\"><div class=\"wpb_text_column\"><div class=\"wpb_wrapper\"><p data-start=\"3678\" data-end=\"3757\">A de 27 de setembro com Morante de la Puebla, Daniel Luque e Borja Jim\u00e9nez.<\/p>\n<h3 data-section-id=\"d2zww7\" data-start=\"3759\" data-end=\"3794\"><\/h3>\n<\/div><\/div><\/div><\/div><\/div><div class=\"w-tabs-section\" id=\"x055\"><button class=\"w-tabs-section-header\" aria-controls=\"content-x055\" aria-expanded=\"false\"><div class=\"w-tabs-section-title\">Os bilhetes esgotam-se rapidamente?<\/div><div class=\"w-tabs-section-control\"><\/div><\/button><div  class=\"w-tabs-section-content\" id=\"content-x055\"><div class=\"w-tabs-section-content-h i-cf\"><div class=\"wpb_text_column\"><div class=\"wpb_wrapper\"><p data-start=\"3795\" data-end=\"3881\">Sim, especialmente em cart\u00e9is importantes, onde podem esgotar-se em menos de 24 horas.<\/p>\n<h3 data-section-id=\"1c0q36o\" data-start=\"3883\" data-end=\"3933\"><\/h3>\n<\/div><\/div><\/div><\/div><\/div><div class=\"w-tabs-section\" id=\"e23e\"><button class=\"w-tabs-section-header\" aria-controls=\"content-e23e\" aria-expanded=\"false\"><div class=\"w-tabs-section-title\">Onde comprar bilhetes para touradas em Sevilha?<\/div><div class=\"w-tabs-section-control\"><\/div><\/button><div  class=\"w-tabs-section-content\" id=\"content-e23e\"><div class=\"w-tabs-section-content-h i-cf\"><div class=\"wpb_text_column\"><div class=\"wpb_wrapper\"><p data-start=\"3934\" data-end=\"3991\">Em sites oficiais e plataformas especializadas como esta:<\/p>\n<p><a href=\"https:\/\/plazatorossevilla.com\/pt-pt\/bilhetes-touradas\/\">https:\/\/plazatorossevilla.com\/entradas-corridas-de-toros\/<\/a><\/p>\n<\/div><\/div><\/div><\/div><\/div><div class=\"w-tabs-section\" id=\"v3e2\"><button class=\"w-tabs-section-header\" aria-controls=\"content-v3e2\" aria-expanded=\"false\"><div class=\"w-tabs-section-title\">Qual \u00e9 a melhor \u00e9poca para ver touradas em Sevilha?<\/div><div class=\"w-tabs-section-control\"><\/div><\/button><div  class=\"w-tabs-section-content\" id=\"content-v3e2\"><div class=\"w-tabs-section-content-h i-cf\"><div class=\"wpb_text_column\"><div class=\"wpb_wrapper\"><p data-start=\"295\" data-end=\"464\">As melhores datas s\u00e3o durante a <strong data-start=\"329\" data-end=\"347\">Feira de Abril<\/strong> (primavera) e a <strong data-start=\"365\" data-end=\"388\">Feira de S\u00e3o Miguel<\/strong> (finais de setembro), quando se concentram os cart\u00e9is mais importantes.<\/p>\n<\/div><\/div><\/div><\/div><\/div><div class=\"w-tabs-section\" id=\"v5e7\"><button class=\"w-tabs-section-header\" aria-controls=\"content-v5e7\" aria-expanded=\"false\"><div class=\"w-tabs-section-title\">Quanto custam os bilhetes para touradas em Sevilha?<\/div><div class=\"w-tabs-section-control\"><\/div><\/button><div  class=\"w-tabs-section-content\" id=\"content-v5e7\"><div class=\"w-tabs-section-content-h i-cf\"><div class=\"wpb_text_column\"><div class=\"wpb_wrapper\"><p data-start=\"527\" data-end=\"562\">O pre\u00e7o varia consoante a localiza\u00e7\u00e3o:<\/p>\n<ul data-start=\"563\" data-end=\"695\">\n<li data-section-id=\"1tks57s\" data-start=\"563\" data-end=\"611\">Tendido de sol: desde pre\u00e7os mais econ\u00f3micos<\/li>\n<li data-section-id=\"g2ra2h\" data-start=\"612\" data-end=\"652\">Tendido de sombra: pre\u00e7o m\u00e9dio-alto<\/li>\n<li data-section-id=\"asf6j1\" data-start=\"653\" data-end=\"695\">Barreira e contrabarreira: as mais caras<\/li>\n<\/ul>\n<p data-start=\"697\" data-end=\"792\">Os pre\u00e7os podem oscilar aproximadamente entre <strong data-start=\"746\" data-end=\"767\">30 \u20ac e mais de 200 \u20ac<\/strong>, dependendo do cartel.<\/p>\n<\/div><\/div><\/div><\/div><\/div><div class=\"w-tabs-section\" id=\"d7c3\"><button class=\"w-tabs-section-header\" aria-controls=\"content-d7c3\" aria-expanded=\"false\"><div class=\"w-tabs-section-title\">Que lugares s\u00e3o melhores na Pra\u00e7a de Touros de Sevilha?<\/div><div class=\"w-tabs-section-control\"><\/div><\/button><div  class=\"w-tabs-section-content\" id=\"content-d7c3\"><div class=\"w-tabs-section-content-h i-cf\"><div class=\"wpb_text_column\"><div class=\"wpb_wrapper\"><p data-start=\"865\" data-end=\"903\">Depende da experi\u00eancia que procura:<\/p>\n<ul data-start=\"905\" data-end=\"1098\">\n<li data-section-id=\"1e6z5b7\" data-start=\"905\" data-end=\"960\"><strong data-start=\"907\" data-end=\"917\">Sombra<\/strong> \u2192 mais confort\u00e1vel (recomendada para turistas)<\/li>\n<li data-section-id=\"gpitxt\" data-start=\"961\" data-end=\"1021\"><strong data-start=\"963\" data-end=\"979\">Sol e sombra<\/strong> \u2192 equil\u00edbrio entre pre\u00e7o e visibilidade<\/li>\n<li data-section-id=\"1dwlrzb\" data-start=\"1022\" data-end=\"1049\"><strong data-start=\"1024\" data-end=\"1031\">Sol<\/strong> \u2192 mais econ\u00f3mica<\/li>\n<li data-section-id=\"awvfuv\" data-start=\"1050\" data-end=\"1098\"><strong data-start=\"1052\" data-end=\"1063\">Barreira<\/strong> \u2192 m\u00e1xima proximidade ao espet\u00e1culo<\/li>\n<\/ul>\n<\/div><\/div><\/div><\/div><\/div><div class=\"w-tabs-section\" id=\"p949\"><button class=\"w-tabs-section-header\" aria-controls=\"content-p949\" aria-expanded=\"false\"><div class=\"w-tabs-section-title\">Quanto dura uma tourada?<\/div><div class=\"w-tabs-section-control\"><\/div><\/button><div  class=\"w-tabs-section-content\" id=\"content-p949\"><div class=\"w-tabs-section-content-h i-cf\"><div class=\"wpb_text_column\"><div class=\"wpb_wrapper\"><p data-start=\"1144\" data-end=\"1238\">Uma corrida costuma durar entre <strong data-start=\"1174\" data-end=\"1197\">2 e 2 horas e meia<\/strong>, dependendo do desenvolvimento do festejo.<\/p>\n<\/div><\/div><\/div><\/div><\/div><div class=\"w-tabs-section\" id=\"eae2\"><button class=\"w-tabs-section-header\" aria-controls=\"content-eae2\" aria-expanded=\"false\"><div class=\"w-tabs-section-title\">A que horas come\u00e7am as touradas em Sevilha?<\/div><div class=\"w-tabs-section-control\"><\/div><\/button><div  class=\"w-tabs-section-content\" id=\"content-eae2\"><div class=\"w-tabs-section-content-h i-cf\"><div class=\"wpb_text_column\"><div class=\"wpb_wrapper\"><p data-start=\"1295\" data-end=\"1317\">Normalmente come\u00e7am:<\/p>\n<ul data-start=\"1318\" data-end=\"1439\">\n<li data-section-id=\"wq10bp\" data-start=\"1318\" data-end=\"1356\">Primavera: entre as <strong data-start=\"1337\" data-end=\"1354\">18:00 e as 19:00<\/strong><\/li>\n<li data-section-id=\"1c3irqu\" data-start=\"1357\" data-end=\"1399\">Ver\u00e3o: por volta das <strong data-start=\"1380\" data-end=\"1397\">19:30 ou 20:00<\/strong><\/li>\n<li data-section-id=\"1e9w0ao\" data-start=\"1400\" data-end=\"1439\">Outono (S\u00e3o Miguel): por volta das <strong data-start=\"1428\" data-end=\"1437\">18:00<\/strong><\/li>\n<\/ul>\n<\/div><\/div><\/div><\/div><\/div><div class=\"w-tabs-section\" id=\"sc21\"><button class=\"w-tabs-section-header\" aria-controls=\"content-sc21\" aria-expanded=\"false\"><div class=\"w-tabs-section-title\">Podem-se comprar bilhetes no pr\u00f3prio dia?<\/div><div class=\"w-tabs-section-control\"><\/div><\/button><div  class=\"w-tabs-section-content\" id=\"content-sc21\"><div class=\"w-tabs-section-content-h i-cf\"><div class=\"wpb_text_column\"><div class=\"wpb_wrapper\"><p>Sim, mas <strong data-start=\"1501\" data-end=\"1547\">n\u00e3o \u00e9 recomend\u00e1vel em corridas importantes<\/strong>, j\u00e1 que muitas esgotam com anteced\u00eancia, especialmente na Maestranza.<\/p>\n<\/div><\/div><\/div><\/div><\/div><div class=\"w-tabs-section\" id=\"sd89\"><button class=\"w-tabs-section-header\" aria-controls=\"content-sd89\" aria-expanded=\"false\"><div class=\"w-tabs-section-title\">\u00c9 recomend\u00e1vel comprar bilhetes online?<\/div><div class=\"w-tabs-section-control\"><\/div><\/button><div  class=\"w-tabs-section-content\" id=\"content-sd89\"><div class=\"w-tabs-section-content-h i-cf\"><div class=\"wpb_text_column\"><div class=\"wpb_wrapper\"><p data-start=\"1673\" data-end=\"1701\">Sim, \u00e9 a melhor op\u00e7\u00e3o para:<\/p>\n<ul data-start=\"1702\" data-end=\"1792\">\n<li data-section-id=\"d8bihx\" data-start=\"1702\" data-end=\"1729\">Garantir disponibilidade<\/li>\n<li data-section-id=\"1e0nph1\" data-start=\"1730\" data-end=\"1763\">Escolher lugar com anteced\u00eancia<\/li>\n<li data-section-id=\"185a60l\" data-start=\"1764\" data-end=\"1792\">Evitar filas na bilheteira<\/li>\n<\/ul>\n<\/div><\/div><\/div><\/div><\/div><div class=\"w-tabs-section\" id=\"bf2e\"><button class=\"w-tabs-section-header\" aria-controls=\"content-bf2e\" aria-expanded=\"false\"><div class=\"w-tabs-section-title\">Que toureiros se destacam em Sevilha 2026?<\/div><div class=\"w-tabs-section-control\"><\/div><\/button><div  class=\"w-tabs-section-content\" id=\"content-bf2e\"><div class=\"w-tabs-section-content-h i-cf\"><div class=\"wpb_text_column\"><div class=\"wpb_wrapper\"><p data-start=\"1842\" data-end=\"1884\">Entre os nomes mais relevantes destacam-se:<\/p>\n<ul data-start=\"1885\" data-end=\"1944\">\n<li data-section-id=\"1p40u79\" data-start=\"1885\" data-end=\"1909\">Morante de la Puebla<\/li>\n<li data-section-id=\"1vdizdn\" data-start=\"1910\" data-end=\"1926\">Daniel Luque<\/li>\n<li data-section-id=\"1dbvvnu\" data-start=\"1927\" data-end=\"1944\">Borja Jim\u00e9nez<\/li>\n<\/ul>\n<\/div><\/div><\/div><\/div><\/div><div class=\"w-tabs-section\" id=\"d0db\"><button class=\"w-tabs-section-header\" aria-controls=\"content-d0db\" aria-expanded=\"false\"><div class=\"w-tabs-section-title\">Que ganadarias costumam lidar-se em Sevilha?<\/div><div class=\"w-tabs-section-control\"><\/div><\/button><div  class=\"w-tabs-section-content\" id=\"content-d0db\"><div class=\"w-tabs-section-content-h i-cf\"><div class=\"wpb_text_column\"><div class=\"wpb_wrapper\"><p data-start=\"1999\" data-end=\"2056\">Na Maestranza participam ganadarias de prest\u00edgio como:<\/p>\n<ul data-start=\"2057\" data-end=\"2117\">\n<li data-section-id=\"1suuq99\" data-start=\"2057\" data-end=\"2072\">Garcigrande<\/li>\n<li data-section-id=\"1x22uqh\" data-start=\"2073\" data-end=\"2094\">N\u00fa\u00f1ez del Cuvillo<\/li>\n<li data-section-id=\"1pv739l\" data-start=\"2095\" data-end=\"2117\">Victoriano del R\u00edo<\/li>\n<\/ul>\n<\/div><\/div><\/div><\/div><\/div><div class=\"w-tabs-section\" id=\"e270\"><button class=\"w-tabs-section-header\" aria-controls=\"content-e270\" aria-expanded=\"false\"><div class=\"w-tabs-section-title\">Sec\u00e7\u00e3o<\/div><div class=\"w-tabs-section-control\"><\/div><\/button><div  class=\"w-tabs-section-content\" id=\"content-e270\"><div class=\"w-tabs-section-content-h i-cf\"><div class=\"wpb_text_column\"><div class=\"wpb_wrapper\"><p data-start=\"2184\" data-end=\"2263\">Sim, Sevilha \u00e9 um dos melhores lugares para se iniciar na tauromaquia por:<\/p>\n<ul data-start=\"2264\" data-end=\"2336\">\n<li data-section-id=\"vtarjn\" data-start=\"2264\" data-end=\"2280\">Sua tradi\u00e7\u00e3o<\/li>\n<li data-section-id=\"vypj9l\" data-start=\"2281\" data-end=\"2311\">A qualidade dos cart\u00e9is<\/li>\n<li data-section-id=\"gj4quw\" data-start=\"2312\" data-end=\"2336\">O ambiente cultural<\/li>\n<\/ul>\n<\/div><\/div><\/div><\/div><\/div><div class=\"w-tabs-section\" id=\"n3f3\"><button class=\"w-tabs-section-header\" aria-controls=\"content-n3f3\" aria-expanded=\"false\"><div class=\"w-tabs-section-title\">Podem-se tirar fotos durante a corrida?<\/div><div class=\"w-tabs-section-control\"><\/div><\/button><div  class=\"w-tabs-section-content\" id=\"content-n3f3\"><div class=\"w-tabs-section-content-h i-cf\"><div class=\"wpb_text_column\"><div class=\"wpb_wrapper\"><p data-start=\"2390\" data-end=\"2480\">Sim, normalmente \u00e9 permitido, mas sem flash e respeitando o desenvolvimento do espet\u00e1culo.<\/p>\n<\/div><\/div><\/div><\/div><\/div><div class=\"w-tabs-section\" id=\"k595\"><button class=\"w-tabs-section-header\" aria-controls=\"content-k595\" aria-expanded=\"false\"><div class=\"w-tabs-section-title\">O que acontece se chover?<\/div><div class=\"w-tabs-section-control\"><\/div><\/button><div  class=\"w-tabs-section-content\" id=\"content-k595\"><div class=\"w-tabs-section-content-h i-cf\"><div class=\"wpb_text_column\"><div class=\"wpb_wrapper\"><p>As corridas podem realizar-se se a chuva n\u00e3o for intensa. Em caso de suspens\u00e3o, aplicam-se condi\u00e7\u00f5es de devolu\u00e7\u00e3o de acordo com o organizador.<\/p>\n<\/div><\/div><\/div><\/div><\/div><div class=\"w-tabs-section\" id=\"e742\"><button class=\"w-tabs-section-header\" aria-controls=\"content-e742\" aria-expanded=\"false\"><div class=\"w-tabs-section-title\">Que roupa levar para uma tourada em Sevilha?<\/div><div class=\"w-tabs-section-control\"><\/div><\/button><div  class=\"w-tabs-section-content\" id=\"content-e742\"><div class=\"w-tabs-section-content-h i-cf\"><div class=\"wpb_text_column\"><div class=\"wpb_wrapper\"><p data-start=\"2715\" data-end=\"2761\">N\u00e3o h\u00e1 c\u00f3digo obrigat\u00f3rio, mas recomenda-se:<\/p>\n<ul data-start=\"2762\" data-end=\"2874\">\n<li data-section-id=\"xg0sfn\" data-start=\"2762\" data-end=\"2777\">Roupa confort\u00e1vel<\/li>\n<li data-section-id=\"e8yf4a\" data-start=\"2778\" data-end=\"2834\">Evitar roupa muito informal em zonas de sombra ou camarotes<\/li>\n<li data-section-id=\"n97h5f\" data-start=\"2835\" data-end=\"2874\">Prote\u00e7\u00e3o solar em tendidos de sol<\/li>\n<\/ul>\n<\/div><\/div><\/div><\/div><\/div><div class=\"w-tabs-section\" id=\"c916\"><button class=\"w-tabs-section-header\" aria-controls=\"content-c916\" aria-expanded=\"false\"><div class=\"w-tabs-section-title\">H\u00e1 diferen\u00e7a entre a Feira de Abril e S\u00e3o Miguel?<\/div><div class=\"w-tabs-section-control\"><\/div><\/button><div  class=\"w-tabs-section-content\" id=\"content-c916\"><div class=\"w-tabs-section-content-h i-cf\"><div class=\"wpb_text_column\"><div class=\"wpb_wrapper\"><p data-start=\"2939\" data-end=\"2942\">Sim:<\/p>\n<ul data-start=\"2944\" data-end=\"3056\">\n<li data-section-id=\"yg8vnj\" data-start=\"2944\" data-end=\"2999\"><strong data-start=\"2946\" data-end=\"2964\">Feira de Abril<\/strong> \u2192 mais corridas, ambiente festivo<\/li>\n<li data-section-id=\"2pm8l6\" data-start=\"3000\" data-end=\"3056\"><strong data-start=\"3002\" data-end=\"3016\">S\u00e3o Miguel<\/strong> \u2192 menos festejos mas de m\u00e1ximo n\u00edvel<\/li>\n<\/ul>\n<\/div><\/div><\/div><\/div><\/div><div class=\"w-tabs-section\" id=\"aa90\"><button class=\"w-tabs-section-header\" aria-controls=\"content-aa90\" aria-expanded=\"false\"><div class=\"w-tabs-section-title\">Onde fica a Pra\u00e7a de Touros de Sevilha?<\/div><div class=\"w-tabs-section-control\"><\/div><\/button><div  class=\"w-tabs-section-content\" id=\"content-aa90\"><div class=\"w-tabs-section-content-h i-cf\"><div class=\"wpb_text_column\"><div class=\"wpb_wrapper\"><p data-start=\"3109\" data-end=\"3197\">Encontra-se no centro hist\u00f3rico, junto ao rio Guadalquivir, no bairro do Arenal.<\/p>\n<\/div><\/div><\/div><\/div><\/div><div class=\"w-tabs-section\" id=\"tc15\"><button class=\"w-tabs-section-header\" aria-controls=\"content-tc15\" aria-expanded=\"false\"><div class=\"w-tabs-section-title\">\u00c9 dif\u00edcil conseguir bilhetes para corridas importantes?<\/div><div class=\"w-tabs-section-control\"><\/div><\/button><div  class=\"w-tabs-section-content\" id=\"content-tc15\"><div class=\"w-tabs-section-content-h i-cf\"><div class=\"wpb_text_column\"><div class=\"wpb_wrapper\"><p data-start=\"3266\" data-end=\"3354\">Sim, especialmente em cart\u00e9is com grandes figuras, onde podem esgotar-se em poucas horas.<\/p>\n<\/div><\/div><\/div><\/div><\/div><\/div><\/div><\/div><\/div><\/div><\/div><\/section>\n","protected":false},"excerpt":{"rendered":"Bilhetes para touradas Sevilha 2026: Feira de Abril e S\u00e3o Miguel na Maestranza As touradas em Sevilha 2026 voltam a colocar a Real Maestranza como um dos epicentros mundiais da tauromaquia. A temporada taurina sevilhana combina tradi\u00e7\u00e3o, figuras de primeiro n\u00edvel e uma procura crescente tanto de aficionados como de turismo internacional. Se procura bilhetes...","protected":false},"author":1,"featured_media":3572,"comment_status":"closed","ping_status":"closed","sticky":false,"template":"","format":"standard","meta":{"footnotes":""},"categories":[108],"tags":[],"class_list":["post-3571","post","type-post","status-publish","format-standard","has-post-thumbnail","hentry","category-sem-categoria"],"yoast_head":"<!-- This site is optimized with the Yoast SEO plugin v27.4 - https:\/\/yoast.com\/product\/yoast-seo-wordpress\/ -->\n<title>Bilhetes para touradas Sevilha 2026 - Plaza Toros Sevilla<\/title>\n<meta name=\"description\" content=\"Bilhetes para touradas Sevilha 2026\" \/>\n<meta name=\"robots\" content=\"index, follow, max-snippet:-1, max-image-preview:large, max-video-preview:-1\" \/>\n<link rel=\"canonical\" href=\"https:\/\/plazatorossevilla.com\/pt-pt\/bilhetes-touradas\/\" \/>\n<meta property=\"og:locale\" content=\"pt_PT\" \/>\n<meta property=\"og:type\" content=\"article\" \/>\n<meta property=\"og:title\" content=\"Bilhetes para touradas Sevilha 2026 - Plaza Toros Sevilla\" \/>\n<meta property=\"og:description\" content=\"Bilhetes para touradas Sevilha 2026\" \/>\n<meta property=\"og:url\" content=\"https:\/\/plazatorossevilla.com\/pt-pt\/bilhetes-touradas\/\" \/>\n<meta property=\"og:site_name\" content=\"Plaza Toros Sevilla\" \/>\n<meta property=\"article:published_time\" content=\"2026-04-20T10:51:22+00:00\" \/>\n<meta property=\"article:modified_time\" content=\"2026-04-22T14:57:56+00:00\" \/>\n<meta name=\"author\" content=\"Marketing\" \/>\n<meta name=\"twitter:card\" content=\"summary_large_image\" \/>\n<meta name=\"twitter:label1\" content=\"Escrito por\" \/>\n\t<meta name=\"twitter:data1\" content=\"Marketing\" \/>\n\t<meta name=\"twitter:label2\" content=\"Tempo estimado de leitura\" \/>\n\t<meta name=\"twitter:data2\" content=\"5 minutos\" \/>\n<script type=\"application\/ld+json\" class=\"yoast-schema-graph\">{\"@context\":\"https:\\\/\\\/schema.org\",\"@graph\":[{\"@type\":\"Article\",\"@id\":\"https:\\\/\\\/plazatorossevilla.com\\\/pt-pt\\\/bilhetes-touradas\\\/#article\",\"isPartOf\":{\"@id\":\"https:\\\/\\\/plazatorossevilla.com\\\/pt-pt\\\/bilhetes-para-touradas-sevilha-2026\\\/\"},\"author\":{\"name\":\"Marketing\",\"@id\":\"https:\\\/\\\/plazatorossevilla.com\\\/pt-pt\\\/#\\\/schema\\\/person\\\/bc6427176da34b2e1291b482fb6ec2fb\"},\"headline\":\"Bilhetes para touradas Sevilha 2026\",\"datePublished\":\"2026-04-20T10:51:22+00:00\",\"dateModified\":\"2026-04-22T14:57:56+00:00\",\"mainEntityOfPage\":{\"@id\":\"https:\\\/\\\/plazatorossevilla.com\\\/pt-pt\\\/bilhetes-para-touradas-sevilha-2026\\\/\"},\"wordCount\":1547,\"publisher\":{\"@id\":\"https:\\\/\\\/plazatorossevilla.com\\\/pt-pt\\\/#organization\"},\"image\":{\"@id\":\"https:\\\/\\\/plazatorossevilla.com\\\/pt-pt\\\/bilhetes-touradas\\\/#primaryimage\"},\"thumbnailUrl\":\"https:\\\/\\\/plazatorossevilla.com\\\/wp-content\\\/uploads\\\/2026\\\/04\\\/QJBRS2GGFBBU3HH4VICQOCLA7M.avif\",\"inLanguage\":\"pt-PT\"},{\"@type\":\"WebPage\",\"@id\":\"https:\\\/\\\/plazatorossevilla.com\\\/pt-pt\\\/bilhetes-para-touradas-sevilha-2026\\\/\",\"url\":\"https:\\\/\\\/plazatorossevilla.com\\\/pt-pt\\\/bilhetes-touradas\\\/\",\"name\":\"Bilhetes para touradas Sevilha 2026 - Plaza Toros Sevilla\",\"isPartOf\":{\"@id\":\"https:\\\/\\\/plazatorossevilla.com\\\/pt-pt\\\/#website\"},\"primaryImageOfPage\":{\"@id\":\"https:\\\/\\\/plazatorossevilla.com\\\/pt-pt\\\/bilhetes-touradas\\\/#primaryimage\"},\"image\":{\"@id\":\"https:\\\/\\\/plazatorossevilla.com\\\/pt-pt\\\/bilhetes-touradas\\\/#primaryimage\"},\"thumbnailUrl\":\"https:\\\/\\\/plazatorossevilla.com\\\/wp-content\\\/uploads\\\/2026\\\/04\\\/QJBRS2GGFBBU3HH4VICQOCLA7M.avif\",\"datePublished\":\"2026-04-20T10:51:22+00:00\",\"dateModified\":\"2026-04-22T14:57:56+00:00\",\"description\":\"Bilhetes para touradas Sevilha 2026\",\"breadcrumb\":{\"@id\":\"https:\\\/\\\/plazatorossevilla.com\\\/pt-pt\\\/bilhetes-touradas\\\/#breadcrumb\"},\"inLanguage\":\"pt-PT\",\"potentialAction\":[{\"@type\":\"ReadAction\",\"target\":[\"https:\\\/\\\/plazatorossevilla.com\\\/pt-pt\\\/bilhetes-touradas\\\/\"]}]},{\"@type\":\"ImageObject\",\"inLanguage\":\"pt-PT\",\"@id\":\"https:\\\/\\\/plazatorossevilla.com\\\/pt-pt\\\/bilhetes-touradas\\\/#primaryimage\",\"url\":\"https:\\\/\\\/plazatorossevilla.com\\\/wp-content\\\/uploads\\\/2026\\\/04\\\/QJBRS2GGFBBU3HH4VICQOCLA7M.avif\",\"contentUrl\":\"https:\\\/\\\/plazatorossevilla.com\\\/wp-content\\\/uploads\\\/2026\\\/04\\\/QJBRS2GGFBBU3HH4VICQOCLA7M.avif\",\"width\":1200,\"height\":926,\"caption\":\"bilhetes touradas sevilha 2026\"},{\"@type\":\"BreadcrumbList\",\"@id\":\"https:\\\/\\\/plazatorossevilla.com\\\/pt-pt\\\/bilhetes-touradas\\\/#breadcrumb\",\"itemListElement\":[{\"@type\":\"ListItem\",\"position\":1,\"name\":\"Portada\",\"item\":\"https:\\\/\\\/plazatorossevilla.com\\\/pt-pt\\\/\"},{\"@type\":\"ListItem\",\"position\":2,\"name\":\"Bilhetes para touradas Sevilha 2026\"}]},{\"@type\":\"WebSite\",\"@id\":\"https:\\\/\\\/plazatorossevilla.com\\\/pt-pt\\\/#website\",\"url\":\"https:\\\/\\\/plazatorossevilla.com\\\/pt-pt\\\/\",\"name\":\"Plaza Toros Sevilla\",\"description\":\"Entradas a corridas de toros en Sevilla, Plaza de Toros La Maestranza\",\"publisher\":{\"@id\":\"https:\\\/\\\/plazatorossevilla.com\\\/pt-pt\\\/#organization\"},\"potentialAction\":[{\"@type\":\"SearchAction\",\"target\":{\"@type\":\"EntryPoint\",\"urlTemplate\":\"https:\\\/\\\/plazatorossevilla.com\\\/pt-pt\\\/?s={search_term_string}\"},\"query-input\":{\"@type\":\"PropertyValueSpecification\",\"valueRequired\":true,\"valueName\":\"search_term_string\"}}],\"inLanguage\":\"pt-PT\"},{\"@type\":\"Organization\",\"@id\":\"https:\\\/\\\/plazatorossevilla.com\\\/pt-pt\\\/#organization\",\"name\":\"Plaza Toros Sevilla\",\"url\":\"https:\\\/\\\/plazatorossevilla.com\\\/pt-pt\\\/\",\"logo\":{\"@type\":\"ImageObject\",\"inLanguage\":\"pt-PT\",\"@id\":\"https:\\\/\\\/plazatorossevilla.com\\\/pt-pt\\\/#\\\/schema\\\/logo\\\/image\\\/\",\"url\":\"https:\\\/\\\/plazatorossevilla.com\\\/wp-content\\\/uploads\\\/2026\\\/03\\\/Logo-plaza-toros-sevilla.webp\",\"contentUrl\":\"https:\\\/\\\/plazatorossevilla.com\\\/wp-content\\\/uploads\\\/2026\\\/03\\\/Logo-plaza-toros-sevilla.webp\",\"width\":286,\"height\":200,\"caption\":\"Plaza Toros Sevilla\"},\"image\":{\"@id\":\"https:\\\/\\\/plazatorossevilla.com\\\/pt-pt\\\/#\\\/schema\\\/logo\\\/image\\\/\"}},{\"@type\":\"Person\",\"@id\":\"https:\\\/\\\/plazatorossevilla.com\\\/pt-pt\\\/#\\\/schema\\\/person\\\/bc6427176da34b2e1291b482fb6ec2fb\",\"name\":\"Marketing\",\"image\":{\"@type\":\"ImageObject\",\"inLanguage\":\"pt-PT\",\"@id\":\"https:\\\/\\\/secure.gravatar.com\\\/avatar\\\/2c03e1a8691cff42cdbffdaf0b1a4a8d0203aaa61e9a18db2956bd6c8b777fd6?s=96&d=mm&r=g\",\"url\":\"https:\\\/\\\/secure.gravatar.com\\\/avatar\\\/2c03e1a8691cff42cdbffdaf0b1a4a8d0203aaa61e9a18db2956bd6c8b777fd6?s=96&d=mm&r=g\",\"contentUrl\":\"https:\\\/\\\/secure.gravatar.com\\\/avatar\\\/2c03e1a8691cff42cdbffdaf0b1a4a8d0203aaa61e9a18db2956bd6c8b777fd6?s=96&d=mm&r=g\",\"caption\":\"Marketing\"},\"sameAs\":[\"https:\\\/\\\/plazatorossevilla.com\"],\"url\":\"https:\\\/\\\/plazatorossevilla.com\\\/pt-pt\\\/author\\\/marketing\\\/\"}]}<\/script>\n<!-- \/ Yoast SEO plugin. -->","yoast_head_json":{"title":"Bilhetes para touradas Sevilha 2026 - Plaza Toros Sevilla","description":"Bilhetes para touradas Sevilha 2026","robots":{"index":"index","follow":"follow","max-snippet":"max-snippet:-1","max-image-preview":"max-image-preview:large","max-video-preview":"max-video-preview:-1"},"canonical":"https:\/\/plazatorossevilla.com\/pt-pt\/bilhetes-touradas\/","og_locale":"pt_PT","og_type":"article","og_title":"Bilhetes para touradas Sevilha 2026 - Plaza Toros Sevilla","og_description":"Bilhetes para touradas Sevilha 2026","og_url":"https:\/\/plazatorossevilla.com\/pt-pt\/bilhetes-touradas\/","og_site_name":"Plaza Toros Sevilla","article_published_time":"2026-04-20T10:51:22+00:00","article_modified_time":"2026-04-22T14:57:56+00:00","author":"Marketing","twitter_card":"summary_large_image","twitter_misc":{"Escrito por":"Marketing","Tempo estimado de leitura":"5 minutos"},"schema":{"@context":"https:\/\/schema.org","@graph":[{"@type":"Article","@id":"https:\/\/plazatorossevilla.com\/pt-pt\/bilhetes-touradas\/#article","isPartOf":{"@id":"https:\/\/plazatorossevilla.com\/pt-pt\/bilhetes-para-touradas-sevilha-2026\/"},"author":{"name":"Marketing","@id":"https:\/\/plazatorossevilla.com\/pt-pt\/#\/schema\/person\/bc6427176da34b2e1291b482fb6ec2fb"},"headline":"Bilhetes para touradas Sevilha 2026","datePublished":"2026-04-20T10:51:22+00:00","dateModified":"2026-04-22T14:57:56+00:00","mainEntityOfPage":{"@id":"https:\/\/plazatorossevilla.com\/pt-pt\/bilhetes-para-touradas-sevilha-2026\/"},"wordCount":1547,"publisher":{"@id":"https:\/\/plazatorossevilla.com\/pt-pt\/#organization"},"image":{"@id":"https:\/\/plazatorossevilla.com\/pt-pt\/bilhetes-touradas\/#primaryimage"},"thumbnailUrl":"https:\/\/plazatorossevilla.com\/wp-content\/uploads\/2026\/04\/QJBRS2GGFBBU3HH4VICQOCLA7M.avif","inLanguage":"pt-PT"},{"@type":"WebPage","@id":"https:\/\/plazatorossevilla.com\/pt-pt\/bilhetes-para-touradas-sevilha-2026\/","url":"https:\/\/plazatorossevilla.com\/pt-pt\/bilhetes-touradas\/","name":"Bilhetes para touradas Sevilha 2026 - Plaza Toros Sevilla","isPartOf":{"@id":"https:\/\/plazatorossevilla.com\/pt-pt\/#website"},"primaryImageOfPage":{"@id":"https:\/\/plazatorossevilla.com\/pt-pt\/bilhetes-touradas\/#primaryimage"},"image":{"@id":"https:\/\/plazatorossevilla.com\/pt-pt\/bilhetes-touradas\/#primaryimage"},"thumbnailUrl":"https:\/\/plazatorossevilla.com\/wp-content\/uploads\/2026\/04\/QJBRS2GGFBBU3HH4VICQOCLA7M.avif","datePublished":"2026-04-20T10:51:22+00:00","dateModified":"2026-04-22T14:57:56+00:00","description":"Bilhetes para touradas Sevilha 2026","breadcrumb":{"@id":"https:\/\/plazatorossevilla.com\/pt-pt\/bilhetes-touradas\/#breadcrumb"},"inLanguage":"pt-PT","potentialAction":[{"@type":"ReadAction","target":["https:\/\/plazatorossevilla.com\/pt-pt\/bilhetes-touradas\/"]}]},{"@type":"ImageObject","inLanguage":"pt-PT","@id":"https:\/\/plazatorossevilla.com\/pt-pt\/bilhetes-touradas\/#primaryimage","url":"https:\/\/plazatorossevilla.com\/wp-content\/uploads\/2026\/04\/QJBRS2GGFBBU3HH4VICQOCLA7M.avif","contentUrl":"https:\/\/plazatorossevilla.com\/wp-content\/uploads\/2026\/04\/QJBRS2GGFBBU3HH4VICQOCLA7M.avif","width":1200,"height":926,"caption":"bilhetes touradas sevilha 2026"},{"@type":"BreadcrumbList","@id":"https:\/\/plazatorossevilla.com\/pt-pt\/bilhetes-touradas\/#breadcrumb","itemListElement":[{"@type":"ListItem","position":1,"name":"Portada","item":"https:\/\/plazatorossevilla.com\/pt-pt\/"},{"@type":"ListItem","position":2,"name":"Bilhetes para touradas Sevilha 2026"}]},{"@type":"WebSite","@id":"https:\/\/plazatorossevilla.com\/pt-pt\/#website","url":"https:\/\/plazatorossevilla.com\/pt-pt\/","name":"Plaza Toros Sevilla","description":"Entradas a corridas de toros en Sevilla, Plaza de Toros La Maestranza","publisher":{"@id":"https:\/\/plazatorossevilla.com\/pt-pt\/#organization"},"potentialAction":[{"@type":"SearchAction","target":{"@type":"EntryPoint","urlTemplate":"https:\/\/plazatorossevilla.com\/pt-pt\/?s={search_term_string}"},"query-input":{"@type":"PropertyValueSpecification","valueRequired":true,"valueName":"search_term_string"}}],"inLanguage":"pt-PT"},{"@type":"Organization","@id":"https:\/\/plazatorossevilla.com\/pt-pt\/#organization","name":"Plaza Toros Sevilla","url":"https:\/\/plazatorossevilla.com\/pt-pt\/","logo":{"@type":"ImageObject","inLanguage":"pt-PT","@id":"https:\/\/plazatorossevilla.com\/pt-pt\/#\/schema\/logo\/image\/","url":"https:\/\/plazatorossevilla.com\/wp-content\/uploads\/2026\/03\/Logo-plaza-toros-sevilla.webp","contentUrl":"https:\/\/plazatorossevilla.com\/wp-content\/uploads\/2026\/03\/Logo-plaza-toros-sevilla.webp","width":286,"height":200,"caption":"Plaza Toros Sevilla"},"image":{"@id":"https:\/\/plazatorossevilla.com\/pt-pt\/#\/schema\/logo\/image\/"}},{"@type":"Person","@id":"https:\/\/plazatorossevilla.com\/pt-pt\/#\/schema\/person\/bc6427176da34b2e1291b482fb6ec2fb","name":"Marketing","image":{"@type":"ImageObject","inLanguage":"pt-PT","@id":"https:\/\/secure.gravatar.com\/avatar\/2c03e1a8691cff42cdbffdaf0b1a4a8d0203aaa61e9a18db2956bd6c8b777fd6?s=96&d=mm&r=g","url":"https:\/\/secure.gravatar.com\/avatar\/2c03e1a8691cff42cdbffdaf0b1a4a8d0203aaa61e9a18db2956bd6c8b777fd6?s=96&d=mm&r=g","contentUrl":"https:\/\/secure.gravatar.com\/avatar\/2c03e1a8691cff42cdbffdaf0b1a4a8d0203aaa61e9a18db2956bd6c8b777fd6?s=96&d=mm&r=g","caption":"Marketing"},"sameAs":["https:\/\/plazatorossevilla.com"],"url":"https:\/\/plazatorossevilla.com\/pt-pt\/author\/marketing\/"}]}},"_links":{"self":[{"href":"https:\/\/plazatorossevilla.com\/pt-pt\/wp-json\/wp\/v2\/posts\/3571","targetHints":{"allow":["GET"]}}],"collection":[{"href":"https:\/\/plazatorossevilla.com\/pt-pt\/wp-json\/wp\/v2\/posts"}],"about":[{"href":"https:\/\/plazatorossevilla.com\/pt-pt\/wp-json\/wp\/v2\/types\/post"}],"author":[{"embeddable":true,"href":"https:\/\/plazatorossevilla.com\/pt-pt\/wp-json\/wp\/v2\/users\/1"}],"replies":[{"embeddable":true,"href":"https:\/\/plazatorossevilla.com\/pt-pt\/wp-json\/wp\/v2\/comments?post=3571"}],"version-history":[{"count":2,"href":"https:\/\/plazatorossevilla.com\/pt-pt\/wp-json\/wp\/v2\/posts\/3571\/revisions"}],"predecessor-version":[{"id":4018,"href":"https:\/\/plazatorossevilla.com\/pt-pt\/wp-json\/wp\/v2\/posts\/3571\/revisions\/4018"}],"wp:featuredmedia":[{"embeddable":true,"href":"https:\/\/plazatorossevilla.com\/pt-pt\/wp-json\/wp\/v2\/media\/3572"}],"wp:attachment":[{"href":"https:\/\/plazatorossevilla.com\/pt-pt\/wp-json\/wp\/v2\/media?parent=3571"}],"wp:term":[{"taxonomy":"category","embeddable":true,"href":"https:\/\/plazatorossevilla.com\/pt-pt\/wp-json\/wp\/v2\/categories?post=3571"},{"taxonomy":"post_tag","embeddable":true,"href":"https:\/\/plazatorossevilla.com\/pt-pt\/wp-json\/wp\/v2\/tags?post=3571"}],"curies":[{"name":"wp","href":"https:\/\/api.w.org\/{rel}","templated":true}]}}