{"id":3409,"date":"2026-04-20T10:51:22","date_gmt":"2026-04-20T10:51:22","guid":{"rendered":"https:\/\/plazatorossevilla.com\/billets-corridas-seville-2026\/"},"modified":"2026-04-22T14:57:05","modified_gmt":"2026-04-22T14:57:05","slug":"billets-corridas-seville-2026","status":"publish","type":"post","link":"https:\/\/plazatorossevilla.com\/fr\/billets-corridas-seville-2026\/","title":{"rendered":"Billets corridas S\u00e9ville 2026"},"content":{"rendered":"<section class=\"l-section wpb_row height_medium with_img\"><div class=\"l-section-img\" role=\"img\" aria-label=\"billets corridas s\u00e9ville 2026\" data-img-width=\"1200\" data-img-height=\"926\" style=\"background-image: url(https:\/\/plazatorossevilla.com\/wp-content\/uploads\/2026\/04\/QJBRS2GGFBBU3HH4VICQOCLA7M.avif);background-repeat: no-repeat;\"><\/div><div class=\"l-section-overlay\" style=\"background:rgba(0,0,0,0.53)\"><\/div><div class=\"l-section-h i-cf\"><div class=\"g-cols vc_row via_grid cols_1 laptops-cols_inherit tablets-cols_inherit mobiles-cols_1 valign_top type_default stacking_default\"><div class=\"wpb_column vc_column_container\"><div class=\"vc_column-inner\"><div class=\"wpb_text_column us_custom_6df4bc3a has_text_color\"><div class=\"wpb_wrapper\"><h1 data-section-id=\"1aw62ly\" data-start=\"172\" data-end=\"266\">Billets corridas S\u00e9ville 2026 : Feria de Abril et San Miguel \u00e0 la Maestranza<\/h1>\n<\/div><\/div><\/div><\/div><\/div><\/div><\/section><section class=\"l-section wpb_row height_medium\"><div class=\"l-section-h i-cf\"><div class=\"g-cols vc_row via_grid cols_2-1 laptops-cols_inherit tablets-cols_inherit mobiles-cols_1 valign_top type_default stacking_default\"><div class=\"wpb_column vc_column_container\"><div class=\"vc_column-inner\"><div class=\"wpb_text_column\"><div class=\"wpb_wrapper\"><p data-start=\"259\" data-end=\"544\">Les <strong data-start=\"263\" data-end=\"300\">corridas \u00e0 S\u00e9ville en 2026<\/strong> replacent la Real Maestranza parmi les \u00e9picentres mondiaux de la tauromachie. La saison taurine s\u00e9villane allie tradition, figures de tout premier plan et une demande croissante, tant de la part des aficionados que du tourisme international.<\/p>\n<p data-start=\"546\" data-end=\"706\">Si vous recherchez des <strong data-start=\"564\" data-end=\"603\">billets pour les corridas \u00e0 S\u00e9ville en 2026<\/strong>, vous trouverez ici toutes les informations \u00e0 jour sur les dates, les cartels et la mani\u00e8re d\u2019assurer votre place.<\/p>\n<hr data-start=\"708\" data-end=\"711\" \/>\n<h2 data-section-id=\"1bp1i6n\" data-start=\"713\" data-end=\"763\">Saison taurine S\u00e9ville 2026 : dates cl\u00e9s<\/h2>\n<p data-start=\"765\" data-end=\"848\">La saison aux ar\u00e8nes de la Maestranza se divise en deux grands cycles :<\/p>\n<h3 data-section-id=\"1n1ea4o\" data-start=\"850\" data-end=\"876\">Feria de Abril 2026<\/h3>\n<ul data-start=\"877\" data-end=\"979\">\n<li data-section-id=\"166xm15\" data-start=\"877\" data-end=\"904\">P\u00e9riode : avril 2026<\/li>\n<li data-section-id=\"3c9fix\" data-start=\"905\" data-end=\"950\">Corridas phares avec des figures de la tauromachie<\/li>\n<li data-section-id=\"10v5shp\" data-start=\"951\" data-end=\"979\">Forte affluence touristique<\/li>\n<\/ul>\n<p data-start=\"981\" data-end=\"1177\">La Feria de Abril est l\u2019un des moments les plus importants du calendrier taurin, avec un cycle de spectacles qui r\u00e9unit les principales figures de l\u2019escalaf\u00f3n. <span class=\"\" data-state=\"closed\"><\/span><\/p>\n<h3 data-section-id=\"1wz36ed\" data-start=\"1184\" data-end=\"1215\">Feria de San Miguel 2026<\/h3>\n<ul data-start=\"1216\" data-end=\"1295\">\n<li data-section-id=\"wwyt43\" data-start=\"1216\" data-end=\"1261\">Date cl\u00e9 : <strong data-start=\"1231\" data-end=\"1259\">27 septembre 2026<\/strong><\/li>\n<li data-section-id=\"1rm4nlg\" data-start=\"1262\" data-end=\"1295\">\u00c9v\u00e9nement de cl\u00f4ture de la saison<\/li>\n<\/ul>\n<p data-start=\"1297\" data-end=\"1437\">La Feria de San Miguel repr\u00e9sente le point d\u2019orgue de la saison \u00e0 S\u00e9ville, avec des cartels de tout premier niveau et une forte demande de billets.<\/p>\n<hr data-start=\"1439\" data-end=\"1442\" \/>\n<h2 data-section-id=\"1uxiw75\" data-start=\"1444\" data-end=\"1492\">Cartel phare : 27 septembre 2026<\/h2>\n<p data-start=\"1494\" data-end=\"1581\">L\u2019un des \u00e9v\u00e9nements les plus attendus de l\u2019ann\u00e9e sera la corrida de la Feria de San Miguel avec :<\/p>\n<ul data-start=\"1583\" data-end=\"1669\">\n<li data-section-id=\"1p40u79\" data-start=\"1583\" data-end=\"1607\">Morante de la Puebla<\/li>\n<li data-section-id=\"1vdizdn\" data-start=\"1608\" data-end=\"1624\">Daniel Luque<\/li>\n<li data-section-id=\"1dbvvnu\" data-start=\"1625\" data-end=\"1642\">Borja Jim\u00e9nez<\/li>\n<li data-section-id=\"1itv84h\" data-start=\"1643\" data-end=\"1669\">\u00c9levage : Garcigrande<\/li>\n<\/ul>\n<p data-start=\"1671\" data-end=\"1838\">Ce spectacle marque le <strong data-start=\"1693\" data-end=\"1742\">cinqui\u00e8me pase\u00edllo de Morante \u00e0 S\u00e9ville en 2026<\/strong>, confirmant son r\u00f4le absolument central dans la saison. <span class=\"\" data-state=\"closed\"><\/span><\/p>\n<hr data-start=\"1840\" data-end=\"1843\" \/>\n<h2 data-section-id=\"bv12t2\" data-start=\"1845\" data-end=\"1903\">Billets \u00e9puis\u00e9s en quelques heures : demande maximale \u00e0 S\u00e9ville<\/h2>\n<p data-start=\"1905\" data-end=\"2144\">L\u2019int\u00e9r\u00eat pour les corridas \u00e0 S\u00e9ville en 2026 est si \u00e9lev\u00e9 que certains spectacles ont affich\u00e9 <strong data-start=\"1997\" data-end=\"2039\">complet en moins de 24 heures<\/strong>, en particulier ceux avec Morante de la Puebla. <span class=\"\" data-state=\"closed\"><\/span><\/p>\n<p data-start=\"2146\" data-end=\"2180\">Cela confirme une tendance claire :<\/p>\n<ul data-start=\"2182\" data-end=\"2290\">\n<li data-section-id=\"1x7gi59\" data-start=\"2182\" data-end=\"2213\">Hausse du tourisme taurin<\/li>\n<li data-section-id=\"v8ibg3\" data-start=\"2214\" data-end=\"2245\">Int\u00e9r\u00eat international accru<\/li>\n<li data-section-id=\"11f9a0x\" data-start=\"2246\" data-end=\"2290\">Cartels avec des figures au sommet de leur forme<\/li>\n<\/ul>\n<hr data-start=\"2292\" data-end=\"2295\" \/>\n<h2 data-section-id=\"s313dq\" data-start=\"2297\" data-end=\"2352\">Ar\u00e8nes de S\u00e9ville : une exp\u00e9rience unique<\/h2>\n<p data-start=\"2354\" data-end=\"2432\">La Real Maestranza de S\u00e9ville est l\u2019une des ar\u00e8nes les plus embl\u00e9matiques au monde :<\/p>\n<ul data-start=\"2434\" data-end=\"2558\">\n<li data-section-id=\"d89p2m\" data-start=\"2434\" data-end=\"2469\">Situ\u00e9e dans le quartier de l\u2019Arenal<\/li>\n<li data-section-id=\"1r8njkj\" data-start=\"2470\" data-end=\"2514\">Architecture historique de style baroque<\/li>\n<li data-section-id=\"jpjciw\" data-start=\"2515\" data-end=\"2558\">Cadre de grands moments de la tauromachie<\/li>\n<\/ul>\n<p data-start=\"2560\" data-end=\"2679\">Elle est consid\u00e9r\u00e9e comme l\u2019une des ar\u00e8nes les plus importantes d\u2019Espagne et du monde taurin. <span class=\"\" data-state=\"closed\"><\/span><\/p>\n<hr data-start=\"2681\" data-end=\"2684\" \/>\n<h2 data-section-id=\"q9kkir\" data-start=\"2686\" data-end=\"2741\">Comment acheter des billets pour les corridas \u00e0 S\u00e9ville en 2026<\/h2>\n<p data-start=\"2743\" data-end=\"2785\">En raison de la forte demande, il est recommand\u00e9 de :<\/p>\n<ul data-start=\"2787\" data-end=\"2989\">\n<li data-section-id=\"1y4n3wk\" data-start=\"2787\" data-end=\"2822\">Acheter vos billets \u00e0 l\u2019avance<\/li>\n<li data-section-id=\"1ia8s7y\" data-start=\"2823\" data-end=\"2871\">R\u00e9server en ligne pour garantir la disponibilit\u00e9<\/li>\n<li data-section-id=\"58wxf3\" data-start=\"2872\" data-end=\"2989\">Bien choisir votre place :\n<ul data-start=\"2902\" data-end=\"2989\">\n<li data-section-id=\"175vlct\" data-start=\"2902\" data-end=\"2913\">Barrera<\/li>\n<li data-section-id=\"gtg4t4\" data-start=\"2916\" data-end=\"2933\">Contrabarrera<\/li>\n<li data-section-id=\"1q7rmx6\" data-start=\"2936\" data-end=\"2976\">Tendido (sol, ombre ou sol et ombre)<\/li>\n<li data-section-id=\"1l8hr8q\" data-start=\"2979\" data-end=\"2989\">Loges<\/li>\n<\/ul>\n<\/li>\n<\/ul>\n<p data-start=\"2991\" data-end=\"3112\">Sur ce site, vous pouvez consulter la disponibilit\u00e9 \u00e0 jour et r\u00e9server vos billets pour les corridas \u00e0 S\u00e9ville.<\/p>\n<hr data-start=\"3114\" data-end=\"3117\" \/>\n<h2 data-section-id=\"5emnv7\" data-start=\"3119\" data-end=\"3178\">S\u00e9ville 2026 : une destination incontournable pour vivre la tauromachie<\/h2>\n<p data-start=\"3180\" data-end=\"3311\">La saison 2026 attire des milliers de visiteurs internationaux qui souhaitent vivre une exp\u00e9rience authentique \u00e0 la Maestranza.<\/p>\n<p data-start=\"3313\" data-end=\"3333\">Principales raisons :<\/p>\n<ul data-start=\"3335\" data-end=\"3452\">\n<li data-section-id=\"8ebbbv\" data-start=\"3335\" data-end=\"3363\">Cartels de tout premier niveau<\/li>\n<li data-section-id=\"1q227gb\" data-start=\"3364\" data-end=\"3393\">Tradition et culture uniques<\/li>\n<li data-section-id=\"fqz6ey\" data-start=\"3394\" data-end=\"3452\">\u00c9v\u00e9nements exclusifs comme la Feria de Abril et San Miguel<\/li>\n<\/ul>\n<\/div><\/div><div class=\"w-separator size_small\"><\/div><div class=\"wpb_text_column\"><div class=\"wpb_wrapper\"><h4 style=\"text-align: center;\"><strong>Affiche Corridas S\u00e9ville 2026<\/strong><\/h4>\n<\/div><\/div><div class=\"w-separator size_small\"><\/div><div class=\"w-image align_none\"><div class=\"w-image-h\"><img decoding=\"async\" width=\"1024\" height=\"858\" src=\"https:\/\/plazatorossevilla.com\/wp-content\/uploads\/2026\/04\/rgerge-1024x858.jpg\" class=\"attachment-large size-large\" alt=\"entradas toros sevilla 2026 2\" loading=\"lazy\" srcset=\"https:\/\/plazatorossevilla.com\/wp-content\/uploads\/2026\/04\/rgerge-1024x858.jpg 1024w, https:\/\/plazatorossevilla.com\/wp-content\/uploads\/2026\/04\/rgerge-300x251.jpg 300w, https:\/\/plazatorossevilla.com\/wp-content\/uploads\/2026\/04\/rgerge-600x503.jpg 600w, https:\/\/plazatorossevilla.com\/wp-content\/uploads\/2026\/04\/rgerge.jpg 1026w\" sizes=\"auto, (max-width: 1024px) 100vw, 1024px\" \/><\/div><\/div><\/div><\/div><div class=\"wpb_column vc_column_container\"><div class=\"vc_column-inner\"><div class=\"w-btn-wrapper align_center\"><a class=\"w-btn us-btn-style_1\" href=\"https:\/\/plazatorossevilla.com\/fr\/billets-corridas-de-toros\/\"><span class=\"w-btn-label\">Billets pour les corridas<\/span><\/a><\/div><div class=\"w-separator size_small\"><\/div><div class=\"w-image align_none\"><div class=\"w-image-h\"><img decoding=\"async\" width=\"1024\" height=\"790\" src=\"https:\/\/plazatorossevilla.com\/wp-content\/uploads\/2026\/04\/QJBRS2GGFBBU3HH4VICQOCLA7M-1024x790.avif\" class=\"attachment-large size-large\" alt=\"billets corridas s\u00e9ville 2026\" loading=\"lazy\" srcset=\"https:\/\/plazatorossevilla.com\/wp-content\/uploads\/2026\/04\/QJBRS2GGFBBU3HH4VICQOCLA7M-1024x790.avif 1024w, https:\/\/plazatorossevilla.com\/wp-content\/uploads\/2026\/04\/QJBRS2GGFBBU3HH4VICQOCLA7M-300x232.avif 300w, https:\/\/plazatorossevilla.com\/wp-content\/uploads\/2026\/04\/QJBRS2GGFBBU3HH4VICQOCLA7M-600x463.avif 600w, https:\/\/plazatorossevilla.com\/wp-content\/uploads\/2026\/04\/QJBRS2GGFBBU3HH4VICQOCLA7M.avif 1200w\" sizes=\"auto, (max-width: 1024px) 100vw, 1024px\" \/><\/div><\/div><div class=\"w-separator size_small\"><\/div><div class=\"w-image align_none\"><div class=\"w-image-h\"><img decoding=\"async\" width=\"576\" height=\"1024\" src=\"https:\/\/plazatorossevilla.com\/wp-content\/uploads\/2026\/03\/Cartel-toros-sevilla-2026-576x1024.webp\" class=\"attachment-large size-large\" alt=\"Cartel toros maestranza sevilla 2026\" loading=\"lazy\" srcset=\"https:\/\/plazatorossevilla.com\/wp-content\/uploads\/2026\/03\/Cartel-toros-sevilla-2026-576x1024.webp 576w, https:\/\/plazatorossevilla.com\/wp-content\/uploads\/2026\/03\/Cartel-toros-sevilla-2026-169x300.webp 169w, https:\/\/plazatorossevilla.com\/wp-content\/uploads\/2026\/03\/Cartel-toros-sevilla-2026-600x1067.webp 600w, https:\/\/plazatorossevilla.com\/wp-content\/uploads\/2026\/03\/Cartel-toros-sevilla-2026.webp 1080w\" sizes=\"auto, (max-width: 576px) 100vw, 576px\" \/><\/div><\/div><div class=\"w-separator size_small\"><\/div><div class=\"w-image align_none\"><div class=\"w-image-h\"><img decoding=\"async\" width=\"600\" height=\"600\" src=\"https:\/\/plazatorossevilla.com\/wp-content\/uploads\/2026\/03\/Asientos-plaza-toros-sevilla.webp\" class=\"attachment-large size-large\" alt=\"Places ar\u00e8nes de la Maestranza\" loading=\"lazy\" srcset=\"https:\/\/plazatorossevilla.com\/wp-content\/uploads\/2026\/03\/Asientos-plaza-toros-sevilla.webp 600w, https:\/\/plazatorossevilla.com\/wp-content\/uploads\/2026\/03\/Asientos-plaza-toros-sevilla-300x300.webp 300w, https:\/\/plazatorossevilla.com\/wp-content\/uploads\/2026\/03\/Asientos-plaza-toros-sevilla-150x150.webp 150w\" sizes=\"auto, (max-width: 600px) 100vw, 600px\" \/><\/div><\/div><div class=\"w-separator size_small\"><\/div><div class=\"w-image align_none\"><div class=\"w-image-h\"><img decoding=\"async\" width=\"600\" height=\"600\" src=\"https:\/\/plazatorossevilla.com\/wp-content\/uploads\/2026\/03\/Tendidos-plaza-toros.webp\" class=\"attachment-large size-large\" alt=\"Tendidos plaza toros sevilla\" loading=\"lazy\" srcset=\"https:\/\/plazatorossevilla.com\/wp-content\/uploads\/2026\/03\/Tendidos-plaza-toros.webp 600w, https:\/\/plazatorossevilla.com\/wp-content\/uploads\/2026\/03\/Tendidos-plaza-toros-300x300.webp 300w, https:\/\/plazatorossevilla.com\/wp-content\/uploads\/2026\/03\/Tendidos-plaza-toros-150x150.webp 150w\" sizes=\"auto, (max-width: 600px) 100vw, 600px\" \/><\/div><\/div><div class=\"w-separator size_medium\"><\/div><div class=\"wpb_text_column\"><div class=\"wpb_wrapper\"><h4 style=\"text-align: center;\"><strong>Questions fr\u00e9quentes<\/strong><\/h4>\n<\/div><\/div><div class=\"w-separator size_small\"><\/div><div class=\"w-tabs style_default switch_click accordion has_scrolling\" style=\"--sections-title-size:inherit\"><div class=\"w-tabs-sections titles-align_none icon_chevron cpos_right\"><div class=\"w-tabs-section\" id=\"la0c\"><button class=\"w-tabs-section-header\" aria-controls=\"content-la0c\" aria-expanded=\"false\"><div class=\"w-tabs-section-title\">Quand ont lieu les corridas \u00e0 S\u00e9ville en 2026 ?<\/div><div class=\"w-tabs-section-control\"><\/div><\/button><div  class=\"w-tabs-section-content\" id=\"content-la0c\"><div class=\"w-tabs-section-content-h i-cf\"><div class=\"wpb_text_column\"><div class=\"wpb_wrapper\"><p data-start=\"3555\" data-end=\"3642\">Principalement pendant la Feria de Abril (avril) et la Feria de San Miguel (septembre).<\/p>\n<h3 data-section-id=\"150s3dv\" data-start=\"3644\" data-end=\"3677\"><\/h3>\n<\/div><\/div><\/div><\/div><\/div><div class=\"w-tabs-section\" id=\"db71\"><button class=\"w-tabs-section-header\" aria-controls=\"content-db71\" aria-expanded=\"false\"><div class=\"w-tabs-section-title\">Quelle corrida se distingue en 2026 ?<\/div><div class=\"w-tabs-section-control\"><\/div><\/button><div  class=\"w-tabs-section-content\" id=\"content-db71\"><div class=\"w-tabs-section-content-h i-cf\"><div class=\"wpb_text_column\"><div class=\"wpb_wrapper\"><p data-start=\"3678\" data-end=\"3757\">Celle du 27 septembre avec Morante de la Puebla, Daniel Luque et Borja Jim\u00e9nez.<\/p>\n<h3 data-section-id=\"d2zww7\" data-start=\"3759\" data-end=\"3794\"><\/h3>\n<\/div><\/div><\/div><\/div><\/div><div class=\"w-tabs-section\" id=\"ycd4\"><button class=\"w-tabs-section-header\" aria-controls=\"content-ycd4\" aria-expanded=\"false\"><div class=\"w-tabs-section-title\">Les billets partent-ils vite ?<\/div><div class=\"w-tabs-section-control\"><\/div><\/button><div  class=\"w-tabs-section-content\" id=\"content-ycd4\"><div class=\"w-tabs-section-content-h i-cf\"><div class=\"wpb_text_column\"><div class=\"wpb_wrapper\"><p data-start=\"3795\" data-end=\"3881\">Oui, surtout pour les cartels importants, o\u00f9 ils peuvent \u00eatre \u00e9puis\u00e9s en moins de 24 heures.<\/p>\n<h3 data-section-id=\"1c0q36o\" data-start=\"3883\" data-end=\"3933\"><\/h3>\n<\/div><\/div><\/div><\/div><\/div><div class=\"w-tabs-section\" id=\"je2b\"><button class=\"w-tabs-section-header\" aria-controls=\"content-je2b\" aria-expanded=\"false\"><div class=\"w-tabs-section-title\">O\u00f9 acheter des billets pour les corridas \u00e0 S\u00e9ville ?<\/div><div class=\"w-tabs-section-control\"><\/div><\/button><div  class=\"w-tabs-section-content\" id=\"content-je2b\"><div class=\"w-tabs-section-content-h i-cf\"><div class=\"wpb_text_column\"><div class=\"wpb_wrapper\"><p data-start=\"3934\" data-end=\"3991\">Sur des sites officiels et des plateformes sp\u00e9cialis\u00e9es comme celle-ci :<\/p>\n<p><a href=\"https:\/\/plazatorossevilla.com\/fr\/billets-corridas-de-toros\/\">https:\/\/plazatorossevilla.com\/entradas-corridas-de-toros\/<\/a><\/p>\n<\/div><\/div><\/div><\/div><\/div><div class=\"w-tabs-section\" id=\"kf76\"><button class=\"w-tabs-section-header\" aria-controls=\"content-kf76\" aria-expanded=\"false\"><div class=\"w-tabs-section-title\">Quelle est la meilleure p\u00e9riode pour voir des corridas \u00e0 S\u00e9ville ?<\/div><div class=\"w-tabs-section-control\"><\/div><\/button><div  class=\"w-tabs-section-content\" id=\"content-kf76\"><div class=\"w-tabs-section-content-h i-cf\"><div class=\"wpb_text_column\"><div class=\"wpb_wrapper\"><p data-start=\"295\" data-end=\"464\">Les meilleures dates sont pendant la <strong data-start=\"329\" data-end=\"347\">Feria de Abril<\/strong> (printemps) et la <strong data-start=\"365\" data-end=\"388\">Feria de San Miguel<\/strong> (fin septembre), lorsque se concentrent les cartels les plus importants.<\/p>\n<\/div><\/div><\/div><\/div><\/div><div class=\"w-tabs-section\" id=\"b0f5\"><button class=\"w-tabs-section-header\" aria-controls=\"content-b0f5\" aria-expanded=\"false\"><div class=\"w-tabs-section-title\">Combien co\u00fbtent les billets pour les corridas \u00e0 S\u00e9ville ?<\/div><div class=\"w-tabs-section-control\"><\/div><\/button><div  class=\"w-tabs-section-content\" id=\"content-b0f5\"><div class=\"w-tabs-section-content-h i-cf\"><div class=\"wpb_text_column\"><div class=\"wpb_wrapper\"><p data-start=\"527\" data-end=\"562\">Le prix varie selon l\u2019emplacement :<\/p>\n<ul data-start=\"563\" data-end=\"695\">\n<li data-section-id=\"1tks57s\" data-start=\"563\" data-end=\"611\">Tendido au soleil : \u00e0 partir de tarifs plus \u00e9conomiques<\/li>\n<li data-section-id=\"g2ra2h\" data-start=\"612\" data-end=\"652\">Tendido \u00e0 l\u2019ombre : tarif moyen \u00e0 \u00e9lev\u00e9<\/li>\n<li data-section-id=\"asf6j1\" data-start=\"653\" data-end=\"695\">Barrera et contrabarrera : les plus chers<\/li>\n<\/ul>\n<p data-start=\"697\" data-end=\"792\">Les prix peuvent varier approximativement entre <strong data-start=\"746\" data-end=\"767\">30 \u20ac et plus de 200 \u20ac<\/strong>, selon le cartel.<\/p>\n<\/div><\/div><\/div><\/div><\/div><div class=\"w-tabs-section\" id=\"d27a\"><button class=\"w-tabs-section-header\" aria-controls=\"content-d27a\" aria-expanded=\"false\"><div class=\"w-tabs-section-title\">Quels emplacements sont les meilleurs aux ar\u00e8nes de S\u00e9ville ?<\/div><div class=\"w-tabs-section-control\"><\/div><\/button><div  class=\"w-tabs-section-content\" id=\"content-d27a\"><div class=\"w-tabs-section-content-h i-cf\"><div class=\"wpb_text_column\"><div class=\"wpb_wrapper\"><p data-start=\"865\" data-end=\"903\">Cela d\u00e9pend de l\u2019exp\u00e9rience que vous recherchez :<\/p>\n<ul data-start=\"905\" data-end=\"1098\">\n<li data-section-id=\"1e6z5b7\" data-start=\"905\" data-end=\"960\"><strong data-start=\"907\" data-end=\"917\">Ombre<\/strong> \u2192 plus confortable (recommand\u00e9e pour les touristes)<\/li>\n<li data-section-id=\"gpitxt\" data-start=\"961\" data-end=\"1021\"><strong data-start=\"963\" data-end=\"979\">Sol et ombre<\/strong> \u2192 \u00e9quilibre entre prix et visibilit\u00e9<\/li>\n<li data-section-id=\"1dwlrzb\" data-start=\"1022\" data-end=\"1049\"><strong data-start=\"1024\" data-end=\"1031\">Soleil<\/strong> \u2192 plus \u00e9conomique<\/li>\n<li data-section-id=\"awvfuv\" data-start=\"1050\" data-end=\"1098\"><strong data-start=\"1052\" data-end=\"1063\">Barrera<\/strong> \u2192 proximit\u00e9 maximale avec le spectacle<\/li>\n<\/ul>\n<\/div><\/div><\/div><\/div><\/div><div class=\"w-tabs-section\" id=\"w3b6\"><button class=\"w-tabs-section-header\" aria-controls=\"content-w3b6\" aria-expanded=\"false\"><div class=\"w-tabs-section-title\">Combien de temps dure une corrida ?<\/div><div class=\"w-tabs-section-control\"><\/div><\/button><div  class=\"w-tabs-section-content\" id=\"content-w3b6\"><div class=\"w-tabs-section-content-h i-cf\"><div class=\"wpb_text_column\"><div class=\"wpb_wrapper\"><p data-start=\"1144\" data-end=\"1238\">Une corrida dure g\u00e9n\u00e9ralement entre <strong data-start=\"1174\" data-end=\"1197\">2 heures et 2 h 30<\/strong>, selon le d\u00e9roulement du spectacle.<\/p>\n<\/div><\/div><\/div><\/div><\/div><div class=\"w-tabs-section\" id=\"m53c\"><button class=\"w-tabs-section-header\" aria-controls=\"content-m53c\" aria-expanded=\"false\"><div class=\"w-tabs-section-title\">\u00c0 quelle heure commencent les corridas \u00e0 S\u00e9ville ?<\/div><div class=\"w-tabs-section-control\"><\/div><\/button><div  class=\"w-tabs-section-content\" id=\"content-m53c\"><div class=\"w-tabs-section-content-h i-cf\"><div class=\"wpb_text_column\"><div class=\"wpb_wrapper\"><p data-start=\"1295\" data-end=\"1317\">Elles commencent g\u00e9n\u00e9ralement :<\/p>\n<ul data-start=\"1318\" data-end=\"1439\">\n<li data-section-id=\"wq10bp\" data-start=\"1318\" data-end=\"1356\">Printemps : entre <strong data-start=\"1337\" data-end=\"1354\">18h00 et 19h00<\/strong><\/li>\n<li data-section-id=\"1c3irqu\" data-start=\"1357\" data-end=\"1399\">\u00c9t\u00e9 : vers <strong data-start=\"1380\" data-end=\"1397\">19h30 ou 20h00<\/strong><\/li>\n<li data-section-id=\"1e9w0ao\" data-start=\"1400\" data-end=\"1439\">Automne (San Miguel) : vers <strong data-start=\"1428\" data-end=\"1437\">18h00<\/strong><\/li>\n<\/ul>\n<\/div><\/div><\/div><\/div><\/div><div class=\"w-tabs-section\" id=\"j677\"><button class=\"w-tabs-section-header\" aria-controls=\"content-j677\" aria-expanded=\"false\"><div class=\"w-tabs-section-title\">Peut-on acheter des billets le jour m\u00eame ?<\/div><div class=\"w-tabs-section-control\"><\/div><\/button><div  class=\"w-tabs-section-content\" id=\"content-j677\"><div class=\"w-tabs-section-content-h i-cf\"><div class=\"wpb_text_column\"><div class=\"wpb_wrapper\"><p>Oui, mais <strong data-start=\"1501\" data-end=\"1547\">ce n\u2019est pas recommand\u00e9 pour les corridas importantes<\/strong>, car beaucoup affichent complet \u00e0 l\u2019avance, surtout \u00e0 la Maestranza.<\/p>\n<\/div><\/div><\/div><\/div><\/div><div class=\"w-tabs-section\" id=\"c7cb\"><button class=\"w-tabs-section-header\" aria-controls=\"content-c7cb\" aria-expanded=\"false\"><div class=\"w-tabs-section-title\">Est-il recommand\u00e9 d\u2019acheter des billets en ligne ?<\/div><div class=\"w-tabs-section-control\"><\/div><\/button><div  class=\"w-tabs-section-content\" id=\"content-c7cb\"><div class=\"w-tabs-section-content-h i-cf\"><div class=\"wpb_text_column\"><div class=\"wpb_wrapper\"><p data-start=\"1673\" data-end=\"1701\">Oui, c\u2019est la meilleure option pour :<\/p>\n<ul data-start=\"1702\" data-end=\"1792\">\n<li data-section-id=\"d8bihx\" data-start=\"1702\" data-end=\"1729\">Garantir la disponibilit\u00e9<\/li>\n<li data-section-id=\"1e0nph1\" data-start=\"1730\" data-end=\"1763\">Choisir votre place \u00e0 l\u2019avance<\/li>\n<li data-section-id=\"185a60l\" data-start=\"1764\" data-end=\"1792\">\u00c9viter les files d\u2019attente au guichet<\/li>\n<\/ul>\n<\/div><\/div><\/div><\/div><\/div><div class=\"w-tabs-section\" id=\"v932\"><button class=\"w-tabs-section-header\" aria-controls=\"content-v932\" aria-expanded=\"false\"><div class=\"w-tabs-section-title\">Quels toreros se distinguent \u00e0 S\u00e9ville en 2026 ?<\/div><div class=\"w-tabs-section-control\"><\/div><\/button><div  class=\"w-tabs-section-content\" id=\"content-v932\"><div class=\"w-tabs-section-content-h i-cf\"><div class=\"wpb_text_column\"><div class=\"wpb_wrapper\"><p data-start=\"1842\" data-end=\"1884\">Parmi les noms les plus marquants, on retrouve :<\/p>\n<ul data-start=\"1885\" data-end=\"1944\">\n<li data-section-id=\"1p40u79\" data-start=\"1885\" data-end=\"1909\">Morante de la Puebla<\/li>\n<li data-section-id=\"1vdizdn\" data-start=\"1910\" data-end=\"1926\">Daniel Luque<\/li>\n<li data-section-id=\"1dbvvnu\" data-start=\"1927\" data-end=\"1944\">Borja Jim\u00e9nez<\/li>\n<\/ul>\n<\/div><\/div><\/div><\/div><\/div><div class=\"w-tabs-section\" id=\"ya84\"><button class=\"w-tabs-section-header\" aria-controls=\"content-ya84\" aria-expanded=\"false\"><div class=\"w-tabs-section-title\">Quels \u00e9levages sont g\u00e9n\u00e9ralement lidi\u00e9s \u00e0 S\u00e9ville ?<\/div><div class=\"w-tabs-section-control\"><\/div><\/button><div  class=\"w-tabs-section-content\" id=\"content-ya84\"><div class=\"w-tabs-section-content-h i-cf\"><div class=\"wpb_text_column\"><div class=\"wpb_wrapper\"><p data-start=\"1999\" data-end=\"2056\">\u00c0 la Maestranza participent des \u00e9levages prestigieux tels que :<\/p>\n<ul data-start=\"2057\" data-end=\"2117\">\n<li data-section-id=\"1suuq99\" data-start=\"2057\" data-end=\"2072\">Garcigrande<\/li>\n<li data-section-id=\"1x22uqh\" data-start=\"2073\" data-end=\"2094\">N\u00fa\u00f1ez del Cuvillo<\/li>\n<li data-section-id=\"1pv739l\" data-start=\"2095\" data-end=\"2117\">Victoriano del R\u00edo<\/li>\n<\/ul>\n<\/div><\/div><\/div><\/div><\/div><div class=\"w-tabs-section\" id=\"abe0\"><button class=\"w-tabs-section-header\" aria-controls=\"content-abe0\" aria-expanded=\"false\"><div class=\"w-tabs-section-title\">Section : Est-ce adapt\u00e9 aux touristes qui n\u2019ont jamais vu une corrida ?<\/div><div class=\"w-tabs-section-control\"><\/div><\/button><div  class=\"w-tabs-section-content\" id=\"content-abe0\"><div class=\"w-tabs-section-content-h i-cf\"><div class=\"wpb_text_column\"><div class=\"wpb_wrapper\"><p data-start=\"2184\" data-end=\"2263\">Oui, S\u00e9ville est l\u2019un des meilleurs endroits pour s\u2019initier \u00e0 la tauromachie gr\u00e2ce \u00e0 :<\/p>\n<ul data-start=\"2264\" data-end=\"2336\">\n<li data-section-id=\"vtarjn\" data-start=\"2264\" data-end=\"2280\">Sa tradition<\/li>\n<li data-section-id=\"vypj9l\" data-start=\"2281\" data-end=\"2311\">La qualit\u00e9 des cartels<\/li>\n<li data-section-id=\"gj4quw\" data-start=\"2312\" data-end=\"2336\">L\u2019ambiance culturelle<\/li>\n<\/ul>\n<\/div><\/div><\/div><\/div><\/div><div class=\"w-tabs-section\" id=\"xd1f\"><button class=\"w-tabs-section-header\" aria-controls=\"content-xd1f\" aria-expanded=\"false\"><div class=\"w-tabs-section-title\">Peut-on prendre des photos pendant la corrida ?<\/div><div class=\"w-tabs-section-control\"><\/div><\/button><div  class=\"w-tabs-section-content\" id=\"content-xd1f\"><div class=\"w-tabs-section-content-h i-cf\"><div class=\"wpb_text_column\"><div class=\"wpb_wrapper\"><p data-start=\"2390\" data-end=\"2480\">Oui, c\u2019est g\u00e9n\u00e9ralement autoris\u00e9, mais sans flash et en respectant le d\u00e9roulement du spectacle.<\/p>\n<\/div><\/div><\/div><\/div><\/div><div class=\"w-tabs-section\" id=\"me3f\"><button class=\"w-tabs-section-header\" aria-controls=\"content-me3f\" aria-expanded=\"false\"><div class=\"w-tabs-section-title\">Que se passe-t-il s\u2019il pleut ?<\/div><div class=\"w-tabs-section-control\"><\/div><\/button><div  class=\"w-tabs-section-content\" id=\"content-me3f\"><div class=\"w-tabs-section-content-h i-cf\"><div class=\"wpb_text_column\"><div class=\"wpb_wrapper\"><p>Les corridas peuvent avoir lieu si la pluie n\u2019est pas intense. En cas d\u2019annulation, des conditions de remboursement s\u2019appliquent selon l\u2019organisateur.<\/p>\n<\/div><\/div><\/div><\/div><\/div><div class=\"w-tabs-section\" id=\"af8d\"><button class=\"w-tabs-section-header\" aria-controls=\"content-af8d\" aria-expanded=\"false\"><div class=\"w-tabs-section-title\">Quelle tenue porter pour une corrida \u00e0 S\u00e9ville ?<\/div><div class=\"w-tabs-section-control\"><\/div><\/button><div  class=\"w-tabs-section-content\" id=\"content-af8d\"><div class=\"w-tabs-section-content-h i-cf\"><div class=\"wpb_text_column\"><div class=\"wpb_wrapper\"><p data-start=\"2715\" data-end=\"2761\">Il n\u2019y a pas de code obligatoire, mais il est recommand\u00e9 de :<\/p>\n<ul data-start=\"2762\" data-end=\"2874\">\n<li data-section-id=\"xg0sfn\" data-start=\"2762\" data-end=\"2777\">Porter des v\u00eatements confortables<\/li>\n<li data-section-id=\"e8yf4a\" data-start=\"2778\" data-end=\"2834\">\u00c9viter une tenue trop d\u00e9contract\u00e9e dans les zones \u00e0 l\u2019ombre ou en loges<\/li>\n<li data-section-id=\"n97h5f\" data-start=\"2835\" data-end=\"2874\">Protection solaire dans les tendidos au soleil<\/li>\n<\/ul>\n<\/div><\/div><\/div><\/div><\/div><div class=\"w-tabs-section\" id=\"p0fc\"><button class=\"w-tabs-section-header\" aria-controls=\"content-p0fc\" aria-expanded=\"false\"><div class=\"w-tabs-section-title\">Y a-t-il une diff\u00e9rence entre la Feria de Abril et San Miguel ?<\/div><div class=\"w-tabs-section-control\"><\/div><\/button><div  class=\"w-tabs-section-content\" id=\"content-p0fc\"><div class=\"w-tabs-section-content-h i-cf\"><div class=\"wpb_text_column\"><div class=\"wpb_wrapper\"><p data-start=\"2939\" data-end=\"2942\">Oui :<\/p>\n<ul data-start=\"2944\" data-end=\"3056\">\n<li data-section-id=\"yg8vnj\" data-start=\"2944\" data-end=\"2999\"><strong data-start=\"2946\" data-end=\"2964\">Feria de Abril<\/strong> \u2192 plus de corridas, ambiance festive<\/li>\n<li data-section-id=\"2pm8l6\" data-start=\"3000\" data-end=\"3056\"><strong data-start=\"3002\" data-end=\"3016\">San Miguel<\/strong> \u2192 moins de spectacles, mais de tout premier niveau<\/li>\n<\/ul>\n<\/div><\/div><\/div><\/div><\/div><div class=\"w-tabs-section\" id=\"p22b\"><button class=\"w-tabs-section-header\" aria-controls=\"content-p22b\" aria-expanded=\"false\"><div class=\"w-tabs-section-title\">O\u00f9 se trouvent les ar\u00e8nes de S\u00e9ville ?<\/div><div class=\"w-tabs-section-control\"><\/div><\/button><div  class=\"w-tabs-section-content\" id=\"content-p22b\"><div class=\"w-tabs-section-content-h i-cf\"><div class=\"wpb_text_column\"><div class=\"wpb_wrapper\"><p data-start=\"3109\" data-end=\"3197\">Elles se trouvent dans le centre historique, au bord du Guadalquivir, dans le quartier de l\u2019Arenal.<\/p>\n<\/div><\/div><\/div><\/div><\/div><div class=\"w-tabs-section\" id=\"k380\"><button class=\"w-tabs-section-header\" aria-controls=\"content-k380\" aria-expanded=\"false\"><div class=\"w-tabs-section-title\">Est-il difficile d\u2019obtenir des billets pour les corridas importantes ?<\/div><div class=\"w-tabs-section-control\"><\/div><\/button><div  class=\"w-tabs-section-content\" id=\"content-k380\"><div class=\"w-tabs-section-content-h i-cf\"><div class=\"wpb_text_column\"><div class=\"wpb_wrapper\"><p data-start=\"3266\" data-end=\"3354\">Oui, surtout pour les cartels avec de grandes figures, o\u00f9 ils peuvent \u00eatre \u00e9puis\u00e9s en quelques heures.<\/p>\n<\/div><\/div><\/div><\/div><\/div><\/div><\/div><\/div><\/div><\/div><\/div><\/section>\n","protected":false},"excerpt":{"rendered":"Billets corridas S\u00e9ville 2026 : Feria de Abril et San Miguel \u00e0 la Maestranza Les corridas \u00e0 S\u00e9ville en 2026 replacent la Real Maestranza parmi les \u00e9picentres mondiaux de la tauromachie. La saison taurine s\u00e9villane allie tradition, figures de tout premier plan et une demande croissante, tant de la part des aficionados que du tourisme...","protected":false},"author":1,"featured_media":3410,"comment_status":"closed","ping_status":"closed","sticky":false,"template":"","format":"standard","meta":{"footnotes":""},"categories":[18],"tags":[],"class_list":["post-3409","post","type-post","status-publish","format-standard","has-post-thumbnail","hentry","category-non-classe"],"yoast_head":"<!-- This site is optimized with the Yoast SEO plugin v27.4 - https:\/\/yoast.com\/product\/yoast-seo-wordpress\/ -->\n<title>Billets corridas S\u00e9ville 2026 - Plaza Toros Sevilla<\/title>\n<meta name=\"description\" content=\"Billets corridas S\u00e9ville 2026\" \/>\n<meta name=\"robots\" content=\"index, follow, max-snippet:-1, max-image-preview:large, max-video-preview:-1\" \/>\n<link rel=\"canonical\" href=\"https:\/\/plazatorossevilla.com\/fr\/billets-corridas-de-toros\/\" \/>\n<meta property=\"og:locale\" content=\"fr_FR\" \/>\n<meta property=\"og:type\" content=\"article\" \/>\n<meta property=\"og:title\" content=\"Billets corridas S\u00e9ville 2026 - Plaza Toros Sevilla\" \/>\n<meta property=\"og:description\" content=\"Billets corridas S\u00e9ville 2026\" \/>\n<meta property=\"og:url\" content=\"https:\/\/plazatorossevilla.com\/fr\/billets-corridas-de-toros\/\" \/>\n<meta property=\"og:site_name\" content=\"Plaza Toros Sevilla\" \/>\n<meta property=\"article:published_time\" content=\"2026-04-20T10:51:22+00:00\" \/>\n<meta property=\"article:modified_time\" content=\"2026-04-22T14:57:05+00:00\" \/>\n<meta name=\"author\" content=\"Marketing\" \/>\n<meta name=\"twitter:card\" content=\"summary_large_image\" \/>\n<meta name=\"twitter:label1\" content=\"\u00c9crit par\" \/>\n\t<meta name=\"twitter:data1\" content=\"Marketing\" \/>\n\t<meta name=\"twitter:label2\" content=\"Dur\u00e9e de lecture estim\u00e9e\" \/>\n\t<meta name=\"twitter:data2\" content=\"6 minutes\" \/>\n<script type=\"application\/ld+json\" class=\"yoast-schema-graph\">{\"@context\":\"https:\\\/\\\/schema.org\",\"@graph\":[{\"@type\":\"Article\",\"@id\":\"https:\\\/\\\/plazatorossevilla.com\\\/fr\\\/billets-corridas-de-toros\\\/#article\",\"isPartOf\":{\"@id\":\"https:\\\/\\\/plazatorossevilla.com\\\/fr\\\/billets-corridas-seville-2026\\\/\"},\"author\":{\"name\":\"Marketing\",\"@id\":\"https:\\\/\\\/plazatorossevilla.com\\\/fr\\\/#\\\/schema\\\/person\\\/bc6427176da34b2e1291b482fb6ec2fb\"},\"headline\":\"Billets corridas S\u00e9ville 2026\",\"datePublished\":\"2026-04-20T10:51:22+00:00\",\"dateModified\":\"2026-04-22T14:57:05+00:00\",\"mainEntityOfPage\":{\"@id\":\"https:\\\/\\\/plazatorossevilla.com\\\/fr\\\/billets-corridas-seville-2026\\\/\"},\"wordCount\":1668,\"publisher\":{\"@id\":\"https:\\\/\\\/plazatorossevilla.com\\\/fr\\\/#organization\"},\"image\":{\"@id\":\"https:\\\/\\\/plazatorossevilla.com\\\/fr\\\/billets-corridas-de-toros\\\/#primaryimage\"},\"thumbnailUrl\":\"https:\\\/\\\/plazatorossevilla.com\\\/wp-content\\\/uploads\\\/2026\\\/04\\\/QJBRS2GGFBBU3HH4VICQOCLA7M.avif\",\"inLanguage\":\"fr-FR\"},{\"@type\":\"WebPage\",\"@id\":\"https:\\\/\\\/plazatorossevilla.com\\\/fr\\\/billets-corridas-seville-2026\\\/\",\"url\":\"https:\\\/\\\/plazatorossevilla.com\\\/fr\\\/billets-corridas-de-toros\\\/\",\"name\":\"Billets corridas S\u00e9ville 2026 - Plaza Toros Sevilla\",\"isPartOf\":{\"@id\":\"https:\\\/\\\/plazatorossevilla.com\\\/fr\\\/#website\"},\"primaryImageOfPage\":{\"@id\":\"https:\\\/\\\/plazatorossevilla.com\\\/fr\\\/billets-corridas-de-toros\\\/#primaryimage\"},\"image\":{\"@id\":\"https:\\\/\\\/plazatorossevilla.com\\\/fr\\\/billets-corridas-de-toros\\\/#primaryimage\"},\"thumbnailUrl\":\"https:\\\/\\\/plazatorossevilla.com\\\/wp-content\\\/uploads\\\/2026\\\/04\\\/QJBRS2GGFBBU3HH4VICQOCLA7M.avif\",\"datePublished\":\"2026-04-20T10:51:22+00:00\",\"dateModified\":\"2026-04-22T14:57:05+00:00\",\"description\":\"Billets corridas S\u00e9ville 2026\",\"breadcrumb\":{\"@id\":\"https:\\\/\\\/plazatorossevilla.com\\\/fr\\\/billets-corridas-de-toros\\\/#breadcrumb\"},\"inLanguage\":\"fr-FR\",\"potentialAction\":[{\"@type\":\"ReadAction\",\"target\":[\"https:\\\/\\\/plazatorossevilla.com\\\/fr\\\/billets-corridas-de-toros\\\/\"]}]},{\"@type\":\"ImageObject\",\"inLanguage\":\"fr-FR\",\"@id\":\"https:\\\/\\\/plazatorossevilla.com\\\/fr\\\/billets-corridas-de-toros\\\/#primaryimage\",\"url\":\"https:\\\/\\\/plazatorossevilla.com\\\/wp-content\\\/uploads\\\/2026\\\/04\\\/QJBRS2GGFBBU3HH4VICQOCLA7M.avif\",\"contentUrl\":\"https:\\\/\\\/plazatorossevilla.com\\\/wp-content\\\/uploads\\\/2026\\\/04\\\/QJBRS2GGFBBU3HH4VICQOCLA7M.avif\",\"width\":1200,\"height\":926,\"caption\":\"billets corridas s\u00e9ville 2026\"},{\"@type\":\"BreadcrumbList\",\"@id\":\"https:\\\/\\\/plazatorossevilla.com\\\/fr\\\/billets-corridas-de-toros\\\/#breadcrumb\",\"itemListElement\":[{\"@type\":\"ListItem\",\"position\":1,\"name\":\"Portada\",\"item\":\"https:\\\/\\\/plazatorossevilla.com\\\/fr\\\/\"},{\"@type\":\"ListItem\",\"position\":2,\"name\":\"Billets corridas S\u00e9ville 2026\"}]},{\"@type\":\"WebSite\",\"@id\":\"https:\\\/\\\/plazatorossevilla.com\\\/fr\\\/#website\",\"url\":\"https:\\\/\\\/plazatorossevilla.com\\\/fr\\\/\",\"name\":\"Plaza Toros Sevilla\",\"description\":\"Entradas a corridas de toros en Sevilla, Plaza de Toros La Maestranza\",\"publisher\":{\"@id\":\"https:\\\/\\\/plazatorossevilla.com\\\/fr\\\/#organization\"},\"potentialAction\":[{\"@type\":\"SearchAction\",\"target\":{\"@type\":\"EntryPoint\",\"urlTemplate\":\"https:\\\/\\\/plazatorossevilla.com\\\/fr\\\/?s={search_term_string}\"},\"query-input\":{\"@type\":\"PropertyValueSpecification\",\"valueRequired\":true,\"valueName\":\"search_term_string\"}}],\"inLanguage\":\"fr-FR\"},{\"@type\":\"Organization\",\"@id\":\"https:\\\/\\\/plazatorossevilla.com\\\/fr\\\/#organization\",\"name\":\"Plaza Toros Sevilla\",\"url\":\"https:\\\/\\\/plazatorossevilla.com\\\/fr\\\/\",\"logo\":{\"@type\":\"ImageObject\",\"inLanguage\":\"fr-FR\",\"@id\":\"https:\\\/\\\/plazatorossevilla.com\\\/fr\\\/#\\\/schema\\\/logo\\\/image\\\/\",\"url\":\"https:\\\/\\\/plazatorossevilla.com\\\/wp-content\\\/uploads\\\/2026\\\/03\\\/Logo-plaza-toros-sevilla.webp\",\"contentUrl\":\"https:\\\/\\\/plazatorossevilla.com\\\/wp-content\\\/uploads\\\/2026\\\/03\\\/Logo-plaza-toros-sevilla.webp\",\"width\":286,\"height\":200,\"caption\":\"Plaza Toros Sevilla\"},\"image\":{\"@id\":\"https:\\\/\\\/plazatorossevilla.com\\\/fr\\\/#\\\/schema\\\/logo\\\/image\\\/\"}},{\"@type\":\"Person\",\"@id\":\"https:\\\/\\\/plazatorossevilla.com\\\/fr\\\/#\\\/schema\\\/person\\\/bc6427176da34b2e1291b482fb6ec2fb\",\"name\":\"Marketing\",\"image\":{\"@type\":\"ImageObject\",\"inLanguage\":\"fr-FR\",\"@id\":\"https:\\\/\\\/secure.gravatar.com\\\/avatar\\\/2c03e1a8691cff42cdbffdaf0b1a4a8d0203aaa61e9a18db2956bd6c8b777fd6?s=96&d=mm&r=g\",\"url\":\"https:\\\/\\\/secure.gravatar.com\\\/avatar\\\/2c03e1a8691cff42cdbffdaf0b1a4a8d0203aaa61e9a18db2956bd6c8b777fd6?s=96&d=mm&r=g\",\"contentUrl\":\"https:\\\/\\\/secure.gravatar.com\\\/avatar\\\/2c03e1a8691cff42cdbffdaf0b1a4a8d0203aaa61e9a18db2956bd6c8b777fd6?s=96&d=mm&r=g\",\"caption\":\"Marketing\"},\"sameAs\":[\"https:\\\/\\\/plazatorossevilla.com\"],\"url\":\"https:\\\/\\\/plazatorossevilla.com\\\/fr\\\/author\\\/marketing\\\/\"}]}<\/script>\n<!-- \/ Yoast SEO plugin. -->","yoast_head_json":{"title":"Billets corridas S\u00e9ville 2026 - Plaza Toros Sevilla","description":"Billets corridas S\u00e9ville 2026","robots":{"index":"index","follow":"follow","max-snippet":"max-snippet:-1","max-image-preview":"max-image-preview:large","max-video-preview":"max-video-preview:-1"},"canonical":"https:\/\/plazatorossevilla.com\/fr\/billets-corridas-de-toros\/","og_locale":"fr_FR","og_type":"article","og_title":"Billets corridas S\u00e9ville 2026 - Plaza Toros Sevilla","og_description":"Billets corridas S\u00e9ville 2026","og_url":"https:\/\/plazatorossevilla.com\/fr\/billets-corridas-de-toros\/","og_site_name":"Plaza Toros Sevilla","article_published_time":"2026-04-20T10:51:22+00:00","article_modified_time":"2026-04-22T14:57:05+00:00","author":"Marketing","twitter_card":"summary_large_image","twitter_misc":{"\u00c9crit par":"Marketing","Dur\u00e9e de lecture estim\u00e9e":"6 minutes"},"schema":{"@context":"https:\/\/schema.org","@graph":[{"@type":"Article","@id":"https:\/\/plazatorossevilla.com\/fr\/billets-corridas-de-toros\/#article","isPartOf":{"@id":"https:\/\/plazatorossevilla.com\/fr\/billets-corridas-seville-2026\/"},"author":{"name":"Marketing","@id":"https:\/\/plazatorossevilla.com\/fr\/#\/schema\/person\/bc6427176da34b2e1291b482fb6ec2fb"},"headline":"Billets corridas S\u00e9ville 2026","datePublished":"2026-04-20T10:51:22+00:00","dateModified":"2026-04-22T14:57:05+00:00","mainEntityOfPage":{"@id":"https:\/\/plazatorossevilla.com\/fr\/billets-corridas-seville-2026\/"},"wordCount":1668,"publisher":{"@id":"https:\/\/plazatorossevilla.com\/fr\/#organization"},"image":{"@id":"https:\/\/plazatorossevilla.com\/fr\/billets-corridas-de-toros\/#primaryimage"},"thumbnailUrl":"https:\/\/plazatorossevilla.com\/wp-content\/uploads\/2026\/04\/QJBRS2GGFBBU3HH4VICQOCLA7M.avif","inLanguage":"fr-FR"},{"@type":"WebPage","@id":"https:\/\/plazatorossevilla.com\/fr\/billets-corridas-seville-2026\/","url":"https:\/\/plazatorossevilla.com\/fr\/billets-corridas-de-toros\/","name":"Billets corridas S\u00e9ville 2026 - Plaza Toros Sevilla","isPartOf":{"@id":"https:\/\/plazatorossevilla.com\/fr\/#website"},"primaryImageOfPage":{"@id":"https:\/\/plazatorossevilla.com\/fr\/billets-corridas-de-toros\/#primaryimage"},"image":{"@id":"https:\/\/plazatorossevilla.com\/fr\/billets-corridas-de-toros\/#primaryimage"},"thumbnailUrl":"https:\/\/plazatorossevilla.com\/wp-content\/uploads\/2026\/04\/QJBRS2GGFBBU3HH4VICQOCLA7M.avif","datePublished":"2026-04-20T10:51:22+00:00","dateModified":"2026-04-22T14:57:05+00:00","description":"Billets corridas S\u00e9ville 2026","breadcrumb":{"@id":"https:\/\/plazatorossevilla.com\/fr\/billets-corridas-de-toros\/#breadcrumb"},"inLanguage":"fr-FR","potentialAction":[{"@type":"ReadAction","target":["https:\/\/plazatorossevilla.com\/fr\/billets-corridas-de-toros\/"]}]},{"@type":"ImageObject","inLanguage":"fr-FR","@id":"https:\/\/plazatorossevilla.com\/fr\/billets-corridas-de-toros\/#primaryimage","url":"https:\/\/plazatorossevilla.com\/wp-content\/uploads\/2026\/04\/QJBRS2GGFBBU3HH4VICQOCLA7M.avif","contentUrl":"https:\/\/plazatorossevilla.com\/wp-content\/uploads\/2026\/04\/QJBRS2GGFBBU3HH4VICQOCLA7M.avif","width":1200,"height":926,"caption":"billets corridas s\u00e9ville 2026"},{"@type":"BreadcrumbList","@id":"https:\/\/plazatorossevilla.com\/fr\/billets-corridas-de-toros\/#breadcrumb","itemListElement":[{"@type":"ListItem","position":1,"name":"Portada","item":"https:\/\/plazatorossevilla.com\/fr\/"},{"@type":"ListItem","position":2,"name":"Billets corridas S\u00e9ville 2026"}]},{"@type":"WebSite","@id":"https:\/\/plazatorossevilla.com\/fr\/#website","url":"https:\/\/plazatorossevilla.com\/fr\/","name":"Plaza Toros Sevilla","description":"Entradas a corridas de toros en Sevilla, Plaza de Toros La Maestranza","publisher":{"@id":"https:\/\/plazatorossevilla.com\/fr\/#organization"},"potentialAction":[{"@type":"SearchAction","target":{"@type":"EntryPoint","urlTemplate":"https:\/\/plazatorossevilla.com\/fr\/?s={search_term_string}"},"query-input":{"@type":"PropertyValueSpecification","valueRequired":true,"valueName":"search_term_string"}}],"inLanguage":"fr-FR"},{"@type":"Organization","@id":"https:\/\/plazatorossevilla.com\/fr\/#organization","name":"Plaza Toros Sevilla","url":"https:\/\/plazatorossevilla.com\/fr\/","logo":{"@type":"ImageObject","inLanguage":"fr-FR","@id":"https:\/\/plazatorossevilla.com\/fr\/#\/schema\/logo\/image\/","url":"https:\/\/plazatorossevilla.com\/wp-content\/uploads\/2026\/03\/Logo-plaza-toros-sevilla.webp","contentUrl":"https:\/\/plazatorossevilla.com\/wp-content\/uploads\/2026\/03\/Logo-plaza-toros-sevilla.webp","width":286,"height":200,"caption":"Plaza Toros Sevilla"},"image":{"@id":"https:\/\/plazatorossevilla.com\/fr\/#\/schema\/logo\/image\/"}},{"@type":"Person","@id":"https:\/\/plazatorossevilla.com\/fr\/#\/schema\/person\/bc6427176da34b2e1291b482fb6ec2fb","name":"Marketing","image":{"@type":"ImageObject","inLanguage":"fr-FR","@id":"https:\/\/secure.gravatar.com\/avatar\/2c03e1a8691cff42cdbffdaf0b1a4a8d0203aaa61e9a18db2956bd6c8b777fd6?s=96&d=mm&r=g","url":"https:\/\/secure.gravatar.com\/avatar\/2c03e1a8691cff42cdbffdaf0b1a4a8d0203aaa61e9a18db2956bd6c8b777fd6?s=96&d=mm&r=g","contentUrl":"https:\/\/secure.gravatar.com\/avatar\/2c03e1a8691cff42cdbffdaf0b1a4a8d0203aaa61e9a18db2956bd6c8b777fd6?s=96&d=mm&r=g","caption":"Marketing"},"sameAs":["https:\/\/plazatorossevilla.com"],"url":"https:\/\/plazatorossevilla.com\/fr\/author\/marketing\/"}]}},"_links":{"self":[{"href":"https:\/\/plazatorossevilla.com\/fr\/wp-json\/wp\/v2\/posts\/3409","targetHints":{"allow":["GET"]}}],"collection":[{"href":"https:\/\/plazatorossevilla.com\/fr\/wp-json\/wp\/v2\/posts"}],"about":[{"href":"https:\/\/plazatorossevilla.com\/fr\/wp-json\/wp\/v2\/types\/post"}],"author":[{"embeddable":true,"href":"https:\/\/plazatorossevilla.com\/fr\/wp-json\/wp\/v2\/users\/1"}],"replies":[{"embeddable":true,"href":"https:\/\/plazatorossevilla.com\/fr\/wp-json\/wp\/v2\/comments?post=3409"}],"version-history":[{"count":3,"href":"https:\/\/plazatorossevilla.com\/fr\/wp-json\/wp\/v2\/posts\/3409\/revisions"}],"predecessor-version":[{"id":4015,"href":"https:\/\/plazatorossevilla.com\/fr\/wp-json\/wp\/v2\/posts\/3409\/revisions\/4015"}],"wp:featuredmedia":[{"embeddable":true,"href":"https:\/\/plazatorossevilla.com\/fr\/wp-json\/wp\/v2\/media\/3410"}],"wp:attachment":[{"href":"https:\/\/plazatorossevilla.com\/fr\/wp-json\/wp\/v2\/media?parent=3409"}],"wp:term":[{"taxonomy":"category","embeddable":true,"href":"https:\/\/plazatorossevilla.com\/fr\/wp-json\/wp\/v2\/categories?post=3409"},{"taxonomy":"post_tag","embeddable":true,"href":"https:\/\/plazatorossevilla.com\/fr\/wp-json\/wp\/v2\/tags?post=3409"}],"curies":[{"name":"wp","href":"https:\/\/api.w.org\/{rel}","templated":true}]}}