{"id":3426,"date":"2026-04-20T10:51:22","date_gmt":"2026-04-20T10:51:22","guid":{"rendered":"https:\/\/plazatorossevilla.com\/stierkampftickets-sevilla-2026\/"},"modified":"2026-04-22T14:57:25","modified_gmt":"2026-04-22T14:57:25","slug":"stierkampftickets-sevilla-2026","status":"publish","type":"post","link":"https:\/\/plazatorossevilla.com\/de\/stierkampftickets-sevilla-2026\/","title":{"rendered":"Stierkampftickets Sevilla 2026"},"content":{"rendered":"<section class=\"l-section wpb_row height_medium with_img\"><div class=\"l-section-img\" role=\"img\" aria-label=\"Stierkampftickets Sevilla 2026\" data-img-width=\"1200\" data-img-height=\"926\" style=\"background-image: url(https:\/\/plazatorossevilla.com\/wp-content\/uploads\/2026\/04\/QJBRS2GGFBBU3HH4VICQOCLA7M.avif);background-repeat: no-repeat;\"><\/div><div class=\"l-section-overlay\" style=\"background:rgba(0,0,0,0.53)\"><\/div><div class=\"l-section-h i-cf\"><div class=\"g-cols vc_row via_grid cols_1 laptops-cols_inherit tablets-cols_inherit mobiles-cols_1 valign_top type_default stacking_default\"><div class=\"wpb_column vc_column_container\"><div class=\"vc_column-inner\"><div class=\"wpb_text_column us_custom_6df4bc3a has_text_color\"><div class=\"wpb_wrapper\"><h1 data-section-id=\"1aw62ly\" data-start=\"172\" data-end=\"266\">Stierkampftickets Sevilla 2026: Feria de Abril und San Miguel in der Maestranza<\/h1>\n<\/div><\/div><\/div><\/div><\/div><\/div><\/section><section class=\"l-section wpb_row height_medium\"><div class=\"l-section-h i-cf\"><div class=\"g-cols vc_row via_grid cols_2-1 laptops-cols_inherit tablets-cols_inherit mobiles-cols_1 valign_top type_default stacking_default\"><div class=\"wpb_column vc_column_container\"><div class=\"vc_column-inner\"><div class=\"wpb_text_column\"><div class=\"wpb_wrapper\"><p data-start=\"259\" data-end=\"544\">Die <strong data-start=\"263\" data-end=\"300\">Stierk\u00e4mpfe in Sevilla 2026<\/strong> machen die Real Maestranza erneut zu einem der weltweiten Epizentren der Tauromachie. Die Stierkampfsaison in Sevilla verbindet Tradition, erstklassige Figuren und eine wachsende Nachfrage sowohl von Fans als auch vom internationalen Tourismus.<\/p>\n<p data-start=\"546\" data-end=\"706\">Wenn Sie <strong data-start=\"564\" data-end=\"603\">Eintrittskarten f\u00fcr Stierk\u00e4mpfe in Sevilla 2026<\/strong> suchen, finden Sie hier alle aktuellen Informationen zu Terminen, Besetzungen und wie Sie sich Ihren Platz sichern k\u00f6nnen.<\/p>\n<hr data-start=\"708\" data-end=\"711\" \/>\n<h2 data-section-id=\"1bp1i6n\" data-start=\"713\" data-end=\"763\">Stierkampfsaison Sevilla 2026: Schl\u00fcsseltermine<\/h2>\n<p data-start=\"765\" data-end=\"848\">Die Saison in der Stierkampfarena Maestranza ist in zwei gro\u00dfe Zyklen unterteilt:<\/p>\n<h3 data-section-id=\"1n1ea4o\" data-start=\"850\" data-end=\"876\">Feria de Abril 2026<\/h3>\n<ul data-start=\"877\" data-end=\"979\">\n<li data-section-id=\"166xm15\" data-start=\"877\" data-end=\"904\">Feier: April 2026<\/li>\n<li data-section-id=\"3c9fix\" data-start=\"905\" data-end=\"950\">Herausragende Corridas mit Stierkampfgr\u00f6\u00dfen<\/li>\n<li data-section-id=\"10v5shp\" data-start=\"951\" data-end=\"979\">Hohe touristische Auslastung<\/li>\n<\/ul>\n<p data-start=\"981\" data-end=\"1177\">Die Feria de Abril ist einer der wichtigsten Momente im Stierkampfkalender, mit einem Festzyklus, der die wichtigsten Figuren der Rangliste zusammenbringt. <span class=\"\" data-state=\"closed\"><\/span><\/p>\n<h3 data-section-id=\"1wz36ed\" data-start=\"1184\" data-end=\"1215\">Feria de San Miguel 2026<\/h3>\n<ul data-start=\"1216\" data-end=\"1295\">\n<li data-section-id=\"wwyt43\" data-start=\"1216\" data-end=\"1261\">Schl\u00fcsseltermin: <strong data-start=\"1231\" data-end=\"1259\">27. September 2026<\/strong><\/li>\n<li data-section-id=\"1rm4nlg\" data-start=\"1262\" data-end=\"1295\">Saisonabschlussveranstaltung<\/li>\n<\/ul>\n<p data-start=\"1297\" data-end=\"1437\">Die Feria de San Miguel bildet den kr\u00f6nenden Abschluss der Saison in Sevilla, mit hochkar\u00e4tigen Besetzungen und einer starken Nachfrage nach Eintrittskarten.<\/p>\n<hr data-start=\"1439\" data-end=\"1442\" \/>\n<h2 data-section-id=\"1uxiw75\" data-start=\"1444\" data-end=\"1492\">Herausragende Besetzung: 27. September 2026<\/h2>\n<p data-start=\"1494\" data-end=\"1581\">Eines der am meisten erwarteten Ereignisse des Jahres wird die Corrida der Feria de San Miguel sein mit:<\/p>\n<ul data-start=\"1583\" data-end=\"1669\">\n<li data-section-id=\"1p40u79\" data-start=\"1583\" data-end=\"1607\">Morante de la Puebla<\/li>\n<li data-section-id=\"1vdizdn\" data-start=\"1608\" data-end=\"1624\">Daniel Luque<\/li>\n<li data-section-id=\"1dbvvnu\" data-start=\"1625\" data-end=\"1642\">Borja Jim\u00e9nez<\/li>\n<li data-section-id=\"1itv84h\" data-start=\"1643\" data-end=\"1669\">Zucht: Garcigrande<\/li>\n<\/ul>\n<p data-start=\"1671\" data-end=\"1838\">Dieses Fest markiert Morantes <strong data-start=\"1693\" data-end=\"1742\">f\u00fcnften Pase\u00edllo in Sevilla im Jahr 2026<\/strong> und festigt seine absolute Hauptrolle in der Saison. <span class=\"\" data-state=\"closed\"><\/span><\/p>\n<hr data-start=\"1840\" data-end=\"1843\" \/>\n<h2 data-section-id=\"bv12t2\" data-start=\"1845\" data-end=\"1903\">Tickets in Stunden ausverkauft: maximale Nachfrage in Sevilla<\/h2>\n<p data-start=\"1905\" data-end=\"2144\">Das Interesse an den Corridas in Sevilla 2026 ist so gro\u00df, dass einige Feste <strong data-start=\"1997\" data-end=\"2039\">innerhalb von weniger als 24 Stunden ausverkauft<\/strong> waren, insbesondere jene mit Morante de la Puebla. <span class=\"\" data-state=\"closed\"><\/span><\/p>\n<p data-start=\"2146\" data-end=\"2180\">Dies best\u00e4tigt einen klaren Trend:<\/p>\n<ul data-start=\"2182\" data-end=\"2290\">\n<li data-section-id=\"1x7gi59\" data-start=\"2182\" data-end=\"2213\">Zunahme des Stierkampftourismus<\/li>\n<li data-section-id=\"v8ibg3\" data-start=\"2214\" data-end=\"2245\">Gr\u00f6\u00dferes internationales Interesse<\/li>\n<li data-section-id=\"11f9a0x\" data-start=\"2246\" data-end=\"2290\">Besetzungen mit Figuren in Bestform<\/li>\n<\/ul>\n<hr data-start=\"2292\" data-end=\"2295\" \/>\n<h2 data-section-id=\"s313dq\" data-start=\"2297\" data-end=\"2352\">Stierkampfarena von Sevilla: ein einzigartiges Erlebnis<\/h2>\n<p data-start=\"2354\" data-end=\"2432\">Die Real Maestranza de Sevilla ist eine der emblematischsten Arenen der Welt:<\/p>\n<ul data-start=\"2434\" data-end=\"2558\">\n<li data-section-id=\"d89p2m\" data-start=\"2434\" data-end=\"2469\">Im Viertel El Arenal gelegen<\/li>\n<li data-section-id=\"1r8njkj\" data-start=\"2470\" data-end=\"2514\">Historische Architektur im Barockstil<\/li>\n<li data-section-id=\"jpjciw\" data-start=\"2515\" data-end=\"2558\">Schauplatz gro\u00dfer Stierkampfmomente<\/li>\n<\/ul>\n<p data-start=\"2560\" data-end=\"2679\">Sie gilt als eine der wichtigsten Arenen Spaniens und der Stierkampfwelt. <span class=\"\" data-state=\"closed\"><\/span><\/p>\n<hr data-start=\"2681\" data-end=\"2684\" \/>\n<h2 data-section-id=\"q9kkir\" data-start=\"2686\" data-end=\"2741\">So kaufen Sie Eintrittskarten f\u00fcr Stierk\u00e4mpfe in Sevilla 2026<\/h2>\n<p data-start=\"2743\" data-end=\"2785\">Aufgrund der hohen Nachfrage wird empfohlen:<\/p>\n<ul data-start=\"2787\" data-end=\"2989\">\n<li data-section-id=\"1y4n3wk\" data-start=\"2787\" data-end=\"2822\">Tickets im Voraus kaufen<\/li>\n<li data-section-id=\"1ia8s7y\" data-start=\"2823\" data-end=\"2871\">Online reservieren, um die Verf\u00fcgbarkeit zu sichern<\/li>\n<li data-section-id=\"58wxf3\" data-start=\"2872\" data-end=\"2989\">Den Platz gut w\u00e4hlen:\n<ul data-start=\"2902\" data-end=\"2989\">\n<li data-section-id=\"175vlct\" data-start=\"2902\" data-end=\"2913\">Barrera (erste Reihe)<\/li>\n<li data-section-id=\"gtg4t4\" data-start=\"2916\" data-end=\"2933\">Contrabarrera (zweite Reihe)<\/li>\n<li data-section-id=\"1q7rmx6\" data-start=\"2936\" data-end=\"2976\">Tendido (Sonne, Schatten oder Sonne und Schatten)<\/li>\n<li data-section-id=\"1l8hr8q\" data-start=\"2979\" data-end=\"2989\">Logen<\/li>\n<\/ul>\n<\/li>\n<\/ul>\n<p data-start=\"2991\" data-end=\"3112\">Auf dieser Website k\u00f6nnen Sie die aktuelle Verf\u00fcgbarkeit pr\u00fcfen und Ihre Eintrittskarten f\u00fcr die Stierk\u00e4mpfe in Sevilla reservieren.<\/p>\n<hr data-start=\"3114\" data-end=\"3117\" \/>\n<h2 data-section-id=\"5emnv7\" data-start=\"3119\" data-end=\"3178\">Sevilla 2026: Schl\u00fcsselziel, um die Tauromachie zu erleben<\/h2>\n<p data-start=\"3180\" data-end=\"3311\">Die Saison 2026 zieht Tausende internationaler Besucher an, die ein authentisches Erlebnis in der Maestranza suchen.<\/p>\n<p data-start=\"3313\" data-end=\"3333\">Hauptgr\u00fcnde:<\/p>\n<ul data-start=\"3335\" data-end=\"3452\">\n<li data-section-id=\"8ebbbv\" data-start=\"3335\" data-end=\"3363\">Erstklassige Besetzungen<\/li>\n<li data-section-id=\"1q227gb\" data-start=\"3364\" data-end=\"3393\">Einzigartige Tradition und Kultur<\/li>\n<li data-section-id=\"fqz6ey\" data-start=\"3394\" data-end=\"3452\">Exklusive Veranstaltungen wie die Feria de Abril und San Miguel<\/li>\n<\/ul>\n<\/div><\/div><div class=\"w-separator size_small\"><\/div><div class=\"wpb_text_column\"><div class=\"wpb_wrapper\"><h4 style=\"text-align: center;\"><strong>Stierkampfplakat Sevilla 2026<\/strong><\/h4>\n<\/div><\/div><div class=\"w-separator size_small\"><\/div><div class=\"w-image align_none\"><div class=\"w-image-h\"><img decoding=\"async\" width=\"1024\" height=\"858\" src=\"https:\/\/plazatorossevilla.com\/wp-content\/uploads\/2026\/04\/rgerge-1024x858.jpg\" class=\"attachment-large size-large\" alt=\"entradas toros sevilla 2026 2\" loading=\"lazy\" srcset=\"https:\/\/plazatorossevilla.com\/wp-content\/uploads\/2026\/04\/rgerge-1024x858.jpg 1024w, https:\/\/plazatorossevilla.com\/wp-content\/uploads\/2026\/04\/rgerge-300x251.jpg 300w, https:\/\/plazatorossevilla.com\/wp-content\/uploads\/2026\/04\/rgerge-600x503.jpg 600w, https:\/\/plazatorossevilla.com\/wp-content\/uploads\/2026\/04\/rgerge.jpg 1026w\" sizes=\"auto, (max-width: 1024px) 100vw, 1024px\" \/><\/div><\/div><\/div><\/div><div class=\"wpb_column vc_column_container\"><div class=\"vc_column-inner\"><div class=\"w-btn-wrapper align_center\"><a class=\"w-btn us-btn-style_1\" href=\"https:\/\/plazatorossevilla.com\/de\/stierkampf-tickets\/\"><span class=\"w-btn-label\">Eintrittskarten f\u00fcr die Corridas<\/span><\/a><\/div><div class=\"w-separator size_small\"><\/div><div class=\"w-image align_none\"><div class=\"w-image-h\"><img decoding=\"async\" width=\"1024\" height=\"790\" src=\"https:\/\/plazatorossevilla.com\/wp-content\/uploads\/2026\/04\/QJBRS2GGFBBU3HH4VICQOCLA7M-1024x790.avif\" class=\"attachment-large size-large\" alt=\"Stierkampftickets Sevilla 2026\" loading=\"lazy\" srcset=\"https:\/\/plazatorossevilla.com\/wp-content\/uploads\/2026\/04\/QJBRS2GGFBBU3HH4VICQOCLA7M-1024x790.avif 1024w, https:\/\/plazatorossevilla.com\/wp-content\/uploads\/2026\/04\/QJBRS2GGFBBU3HH4VICQOCLA7M-300x232.avif 300w, https:\/\/plazatorossevilla.com\/wp-content\/uploads\/2026\/04\/QJBRS2GGFBBU3HH4VICQOCLA7M-600x463.avif 600w, https:\/\/plazatorossevilla.com\/wp-content\/uploads\/2026\/04\/QJBRS2GGFBBU3HH4VICQOCLA7M.avif 1200w\" sizes=\"auto, (max-width: 1024px) 100vw, 1024px\" \/><\/div><\/div><div class=\"w-separator size_small\"><\/div><div class=\"w-image align_none\"><div class=\"w-image-h\"><img decoding=\"async\" width=\"576\" height=\"1024\" src=\"https:\/\/plazatorossevilla.com\/wp-content\/uploads\/2026\/03\/Cartel-toros-sevilla-2026-576x1024.webp\" class=\"attachment-large size-large\" alt=\"Cartel toros maestranza sevilla 2026\" loading=\"lazy\" srcset=\"https:\/\/plazatorossevilla.com\/wp-content\/uploads\/2026\/03\/Cartel-toros-sevilla-2026-576x1024.webp 576w, https:\/\/plazatorossevilla.com\/wp-content\/uploads\/2026\/03\/Cartel-toros-sevilla-2026-169x300.webp 169w, https:\/\/plazatorossevilla.com\/wp-content\/uploads\/2026\/03\/Cartel-toros-sevilla-2026-600x1067.webp 600w, https:\/\/plazatorossevilla.com\/wp-content\/uploads\/2026\/03\/Cartel-toros-sevilla-2026.webp 1080w\" sizes=\"auto, (max-width: 576px) 100vw, 576px\" \/><\/div><\/div><div class=\"w-separator size_small\"><\/div><div class=\"w-image align_none\"><div class=\"w-image-h\"><img decoding=\"async\" width=\"600\" height=\"600\" src=\"https:\/\/plazatorossevilla.com\/wp-content\/uploads\/2026\/03\/Asientos-plaza-toros-sevilla.webp\" class=\"attachment-large size-large\" alt=\"Sitzpl\u00e4tze Stierkampfarena La Maestranza\" loading=\"lazy\" srcset=\"https:\/\/plazatorossevilla.com\/wp-content\/uploads\/2026\/03\/Asientos-plaza-toros-sevilla.webp 600w, https:\/\/plazatorossevilla.com\/wp-content\/uploads\/2026\/03\/Asientos-plaza-toros-sevilla-300x300.webp 300w, https:\/\/plazatorossevilla.com\/wp-content\/uploads\/2026\/03\/Asientos-plaza-toros-sevilla-150x150.webp 150w\" sizes=\"auto, (max-width: 600px) 100vw, 600px\" \/><\/div><\/div><div class=\"w-separator size_small\"><\/div><div class=\"w-image align_none\"><div class=\"w-image-h\"><img decoding=\"async\" width=\"600\" height=\"600\" src=\"https:\/\/plazatorossevilla.com\/wp-content\/uploads\/2026\/03\/Tendidos-plaza-toros.webp\" class=\"attachment-large size-large\" alt=\"Tendidos plaza toros sevilla\" loading=\"lazy\" srcset=\"https:\/\/plazatorossevilla.com\/wp-content\/uploads\/2026\/03\/Tendidos-plaza-toros.webp 600w, https:\/\/plazatorossevilla.com\/wp-content\/uploads\/2026\/03\/Tendidos-plaza-toros-300x300.webp 300w, https:\/\/plazatorossevilla.com\/wp-content\/uploads\/2026\/03\/Tendidos-plaza-toros-150x150.webp 150w\" sizes=\"auto, (max-width: 600px) 100vw, 600px\" \/><\/div><\/div><div class=\"w-separator size_medium\"><\/div><div class=\"wpb_text_column\"><div class=\"wpb_wrapper\"><h4 style=\"text-align: center;\"><strong>H\u00e4ufig gestellte Fragen<\/strong><\/h4>\n<\/div><\/div><div class=\"w-separator size_small\"><\/div><div class=\"w-tabs style_default switch_click accordion has_scrolling\" style=\"--sections-title-size:inherit\"><div class=\"w-tabs-sections titles-align_none icon_chevron cpos_right\"><div class=\"w-tabs-section\" id=\"c34f\"><button class=\"w-tabs-section-header\" aria-controls=\"content-c34f\" aria-expanded=\"false\"><div class=\"w-tabs-section-title\">Wann finden die Stierk\u00e4mpfe in Sevilla 2026 statt?<\/div><div class=\"w-tabs-section-control\"><\/div><\/button><div  class=\"w-tabs-section-content\" id=\"content-c34f\"><div class=\"w-tabs-section-content-h i-cf\"><div class=\"wpb_text_column\"><div class=\"wpb_wrapper\"><p data-start=\"3555\" data-end=\"3642\">Haupts\u00e4chlich w\u00e4hrend der Feria de Abril (April) und der Feria de San Miguel (September).<\/p>\n<h3 data-section-id=\"150s3dv\" data-start=\"3644\" data-end=\"3677\"><\/h3>\n<\/div><\/div><\/div><\/div><\/div><div class=\"w-tabs-section\" id=\"n4ce\"><button class=\"w-tabs-section-header\" aria-controls=\"content-n4ce\" aria-expanded=\"false\"><div class=\"w-tabs-section-title\">Welche Corrida sticht 2026 hervor?<\/div><div class=\"w-tabs-section-control\"><\/div><\/button><div  class=\"w-tabs-section-content\" id=\"content-n4ce\"><div class=\"w-tabs-section-content-h i-cf\"><div class=\"wpb_text_column\"><div class=\"wpb_wrapper\"><p data-start=\"3678\" data-end=\"3757\">Die vom 27. September mit Morante de la Puebla, Daniel Luque und Borja Jim\u00e9nez.<\/p>\n<h3 data-section-id=\"d2zww7\" data-start=\"3759\" data-end=\"3794\"><\/h3>\n<\/div><\/div><\/div><\/div><\/div><div class=\"w-tabs-section\" id=\"h62f\"><button class=\"w-tabs-section-header\" aria-controls=\"content-h62f\" aria-expanded=\"false\"><div class=\"w-tabs-section-title\">Sind die Tickets schnell ausverkauft?<\/div><div class=\"w-tabs-section-control\"><\/div><\/button><div  class=\"w-tabs-section-content\" id=\"content-h62f\"><div class=\"w-tabs-section-content-h i-cf\"><div class=\"wpb_text_column\"><div class=\"wpb_wrapper\"><p data-start=\"3795\" data-end=\"3881\">Ja, besonders bei wichtigen Besetzungen, wo sie innerhalb von weniger als 24 Stunden ausverkauft sein k\u00f6nnen.<\/p>\n<h3 data-section-id=\"1c0q36o\" data-start=\"3883\" data-end=\"3933\"><\/h3>\n<\/div><\/div><\/div><\/div><\/div><div class=\"w-tabs-section\" id=\"e7bd\"><button class=\"w-tabs-section-header\" aria-controls=\"content-e7bd\" aria-expanded=\"false\"><div class=\"w-tabs-section-title\">Wo kann man Eintrittskarten f\u00fcr Stierk\u00e4mpfe in Sevilla kaufen?<\/div><div class=\"w-tabs-section-control\"><\/div><\/button><div  class=\"w-tabs-section-content\" id=\"content-e7bd\"><div class=\"w-tabs-section-content-h i-cf\"><div class=\"wpb_text_column\"><div class=\"wpb_wrapper\"><p data-start=\"3934\" data-end=\"3991\">Auf offiziellen Websites und spezialisierten Plattformen wie dieser:<\/p>\n<p><a href=\"https:\/\/plazatorossevilla.com\/de\/stierkampf-tickets\/\">https:\/\/plazatorossevilla.com\/entradas-corridas-de-toros\/<\/a><\/p>\n<\/div><\/div><\/div><\/div><\/div><div class=\"w-tabs-section\" id=\"f949\"><button class=\"w-tabs-section-header\" aria-controls=\"content-f949\" aria-expanded=\"false\"><div class=\"w-tabs-section-title\">Wann ist die beste Zeit, um Stierk\u00e4mpfe in Sevilla zu sehen?<\/div><div class=\"w-tabs-section-control\"><\/div><\/button><div  class=\"w-tabs-section-content\" id=\"content-f949\"><div class=\"w-tabs-section-content-h i-cf\"><div class=\"wpb_text_column\"><div class=\"wpb_wrapper\"><p data-start=\"295\" data-end=\"464\">Die besten Termine sind w\u00e4hrend der <strong data-start=\"329\" data-end=\"347\">Feria de Abril<\/strong> (Fr\u00fchling) und der <strong data-start=\"365\" data-end=\"388\">Feria de San Miguel<\/strong> (Ende September), wenn sich die wichtigsten Besetzungen konzentrieren.<\/p>\n<\/div><\/div><\/div><\/div><\/div><div class=\"w-tabs-section\" id=\"fae7\"><button class=\"w-tabs-section-header\" aria-controls=\"content-fae7\" aria-expanded=\"false\"><div class=\"w-tabs-section-title\">Wie viel kosten die Eintrittskarten f\u00fcr Stierk\u00e4mpfe in Sevilla?<\/div><div class=\"w-tabs-section-control\"><\/div><\/button><div  class=\"w-tabs-section-content\" id=\"content-fae7\"><div class=\"w-tabs-section-content-h i-cf\"><div class=\"wpb_text_column\"><div class=\"wpb_wrapper\"><p data-start=\"527\" data-end=\"562\">Der Preis variiert je nach Standort:<\/p>\n<ul data-start=\"563\" data-end=\"695\">\n<li data-section-id=\"1tks57s\" data-start=\"563\" data-end=\"611\">Tendido de Sol (Sonnenbereich): ab g\u00fcnstigeren Preisen<\/li>\n<li data-section-id=\"g2ra2h\" data-start=\"612\" data-end=\"652\">Tendido de Sombra (Schattenbereich): mittlerer bis hoher Preis<\/li>\n<li data-section-id=\"asf6j1\" data-start=\"653\" data-end=\"695\">Barrera und Contrabarrera: die teuersten<\/li>\n<\/ul>\n<p data-start=\"697\" data-end=\"792\">Die Preise k\u00f6nnen je nach Besetzung ungef\u00e4hr zwischen <strong data-start=\"746\" data-end=\"767\">30 \u20ac und \u00fcber 200 \u20ac<\/strong> liegen.<\/p>\n<\/div><\/div><\/div><\/div><\/div><div class=\"w-tabs-section\" id=\"yc89\"><button class=\"w-tabs-section-header\" aria-controls=\"content-yc89\" aria-expanded=\"false\"><div class=\"w-tabs-section-title\">Welche Pl\u00e4tze sind in der Stierkampfarena von Sevilla am besten?<\/div><div class=\"w-tabs-section-control\"><\/div><\/button><div  class=\"w-tabs-section-content\" id=\"content-yc89\"><div class=\"w-tabs-section-content-h i-cf\"><div class=\"wpb_text_column\"><div class=\"wpb_wrapper\"><p data-start=\"865\" data-end=\"903\">Es h\u00e4ngt davon ab, welches Erlebnis Sie suchen:<\/p>\n<ul data-start=\"905\" data-end=\"1098\">\n<li data-section-id=\"1e6z5b7\" data-start=\"905\" data-end=\"960\"><strong data-start=\"907\" data-end=\"917\">Schatten<\/strong> \u2192 bequemer (f\u00fcr Touristen empfohlen)<\/li>\n<li data-section-id=\"gpitxt\" data-start=\"961\" data-end=\"1021\"><strong data-start=\"963\" data-end=\"979\">Sonne und Schatten<\/strong> \u2192 Gleichgewicht zwischen Preis und Sichtbarkeit<\/li>\n<li data-section-id=\"1dwlrzb\" data-start=\"1022\" data-end=\"1049\"><strong data-start=\"1024\" data-end=\"1031\">Sonne<\/strong> \u2192 g\u00fcnstiger<\/li>\n<li data-section-id=\"awvfuv\" data-start=\"1050\" data-end=\"1098\"><strong data-start=\"1052\" data-end=\"1063\">Barrera<\/strong> \u2192 maximale N\u00e4he zum Spektakel<\/li>\n<\/ul>\n<\/div><\/div><\/div><\/div><\/div><div class=\"w-tabs-section\" id=\"cdc5\"><button class=\"w-tabs-section-header\" aria-controls=\"content-cdc5\" aria-expanded=\"false\"><div class=\"w-tabs-section-title\">Wie lange dauert ein Stierkampf?<\/div><div class=\"w-tabs-section-control\"><\/div><\/button><div  class=\"w-tabs-section-content\" id=\"content-cdc5\"><div class=\"w-tabs-section-content-h i-cf\"><div class=\"wpb_text_column\"><div class=\"wpb_wrapper\"><p data-start=\"1144\" data-end=\"1238\">Eine Corrida dauert in der Regel zwischen <strong data-start=\"1174\" data-end=\"1197\">2 und 2,5 Stunden<\/strong>, abh\u00e4ngig vom Verlauf des Festes.<\/p>\n<\/div><\/div><\/div><\/div><\/div><div class=\"w-tabs-section\" id=\"cf54\"><button class=\"w-tabs-section-header\" aria-controls=\"content-cf54\" aria-expanded=\"false\"><div class=\"w-tabs-section-title\">Wann beginnen die Corridas in Sevilla?<\/div><div class=\"w-tabs-section-control\"><\/div><\/button><div  class=\"w-tabs-section-content\" id=\"content-cf54\"><div class=\"w-tabs-section-content-h i-cf\"><div class=\"wpb_text_column\"><div class=\"wpb_wrapper\"><p data-start=\"1295\" data-end=\"1317\">Normalerweise beginnen sie:<\/p>\n<ul data-start=\"1318\" data-end=\"1439\">\n<li data-section-id=\"wq10bp\" data-start=\"1318\" data-end=\"1356\">Fr\u00fchling: zwischen <strong data-start=\"1337\" data-end=\"1354\">18:00 und 19:00 Uhr<\/strong><\/li>\n<li data-section-id=\"1c3irqu\" data-start=\"1357\" data-end=\"1399\">Sommer: gegen <strong data-start=\"1380\" data-end=\"1397\">19:30 oder 20:00 Uhr<\/strong><\/li>\n<li data-section-id=\"1e9w0ao\" data-start=\"1400\" data-end=\"1439\">Herbst (San Miguel): gegen <strong data-start=\"1428\" data-end=\"1437\">18:00 Uhr<\/strong><\/li>\n<\/ul>\n<\/div><\/div><\/div><\/div><\/div><div class=\"w-tabs-section\" id=\"r25c\"><button class=\"w-tabs-section-header\" aria-controls=\"content-r25c\" aria-expanded=\"false\"><div class=\"w-tabs-section-title\">Kann man Tickets am selben Tag kaufen?<\/div><div class=\"w-tabs-section-control\"><\/div><\/button><div  class=\"w-tabs-section-content\" id=\"content-r25c\"><div class=\"w-tabs-section-content-h i-cf\"><div class=\"wpb_text_column\"><div class=\"wpb_wrapper\"><p>Ja, aber <strong data-start=\"1501\" data-end=\"1547\">nicht empfehlenswert bei wichtigen Corridas<\/strong>, da viele im Voraus ausverkauft sind, besonders in der Maestranza.<\/p>\n<\/div><\/div><\/div><\/div><\/div><div class=\"w-tabs-section\" id=\"l3f0\"><button class=\"w-tabs-section-header\" aria-controls=\"content-l3f0\" aria-expanded=\"false\"><div class=\"w-tabs-section-title\">Ist es ratsam, Tickets online zu kaufen?<\/div><div class=\"w-tabs-section-control\"><\/div><\/button><div  class=\"w-tabs-section-content\" id=\"content-l3f0\"><div class=\"w-tabs-section-content-h i-cf\"><div class=\"wpb_text_column\"><div class=\"wpb_wrapper\"><p data-start=\"1673\" data-end=\"1701\">Ja, das ist die beste Option, um:<\/p>\n<ul data-start=\"1702\" data-end=\"1792\">\n<li data-section-id=\"d8bihx\" data-start=\"1702\" data-end=\"1729\">Verf\u00fcgbarkeit sichern<\/li>\n<li data-section-id=\"1e0nph1\" data-start=\"1730\" data-end=\"1763\">Sitzplatz im Voraus w\u00e4hlen<\/li>\n<li data-section-id=\"185a60l\" data-start=\"1764\" data-end=\"1792\">Warteschlangen an der Kasse vermeiden<\/li>\n<\/ul>\n<\/div><\/div><\/div><\/div><\/div><div class=\"w-tabs-section\" id=\"d56d\"><button class=\"w-tabs-section-header\" aria-controls=\"content-d56d\" aria-expanded=\"false\"><div class=\"w-tabs-section-title\">Welche Toreros stechen in Sevilla 2026 hervor?<\/div><div class=\"w-tabs-section-control\"><\/div><\/button><div  class=\"w-tabs-section-content\" id=\"content-d56d\"><div class=\"w-tabs-section-content-h i-cf\"><div class=\"wpb_text_column\"><div class=\"wpb_wrapper\"><p data-start=\"1842\" data-end=\"1884\">Zu den wichtigsten Namen geh\u00f6ren:<\/p>\n<ul data-start=\"1885\" data-end=\"1944\">\n<li data-section-id=\"1p40u79\" data-start=\"1885\" data-end=\"1909\">Morante de la Puebla<\/li>\n<li data-section-id=\"1vdizdn\" data-start=\"1910\" data-end=\"1926\">Daniel Luque<\/li>\n<li data-section-id=\"1dbvvnu\" data-start=\"1927\" data-end=\"1944\">Borja Jim\u00e9nez<\/li>\n<\/ul>\n<\/div><\/div><\/div><\/div><\/div><div class=\"w-tabs-section\" id=\"u6e4\"><button class=\"w-tabs-section-header\" aria-controls=\"content-u6e4\" aria-expanded=\"false\"><div class=\"w-tabs-section-title\">Welche Zuchten werden normalerweise in Sevilla bek\u00e4mpft?<\/div><div class=\"w-tabs-section-control\"><\/div><\/button><div  class=\"w-tabs-section-content\" id=\"content-u6e4\"><div class=\"w-tabs-section-content-h i-cf\"><div class=\"wpb_text_column\"><div class=\"wpb_wrapper\"><p data-start=\"1999\" data-end=\"2056\">In der Maestranza nehmen renommierte Zuchten teil wie:<\/p>\n<ul data-start=\"2057\" data-end=\"2117\">\n<li data-section-id=\"1suuq99\" data-start=\"2057\" data-end=\"2072\">Garcigrande<\/li>\n<li data-section-id=\"1x22uqh\" data-start=\"2073\" data-end=\"2094\">N\u00fa\u00f1ez del Cuvillo<\/li>\n<li data-section-id=\"1pv739l\" data-start=\"2095\" data-end=\"2117\">Victoriano del R\u00edo<\/li>\n<\/ul>\n<\/div><\/div><\/div><\/div><\/div><div class=\"w-tabs-section\" id=\"r86f\"><button class=\"w-tabs-section-header\" aria-controls=\"content-r86f\" aria-expanded=\"false\"><div class=\"w-tabs-section-title\">Abschnitt: Ist es f\u00fcr Touristen geeignet, die noch nie eine Corrida gesehen haben?<\/div><div class=\"w-tabs-section-control\"><\/div><\/button><div  class=\"w-tabs-section-content\" id=\"content-r86f\"><div class=\"w-tabs-section-content-h i-cf\"><div class=\"wpb_text_column\"><div class=\"wpb_wrapper\"><p data-start=\"2184\" data-end=\"2263\">Ja, Sevilla ist einer der besten Orte, um in die Tauromachie einzusteigen, aufgrund von:<\/p>\n<ul data-start=\"2264\" data-end=\"2336\">\n<li data-section-id=\"vtarjn\" data-start=\"2264\" data-end=\"2280\">Seiner Tradition<\/li>\n<li data-section-id=\"vypj9l\" data-start=\"2281\" data-end=\"2311\">Der Qualit\u00e4t der Besetzungen<\/li>\n<li data-section-id=\"gj4quw\" data-start=\"2312\" data-end=\"2336\">Dem kulturellen Ambiente<\/li>\n<\/ul>\n<\/div><\/div><\/div><\/div><\/div><div class=\"w-tabs-section\" id=\"x9e1\"><button class=\"w-tabs-section-header\" aria-controls=\"content-x9e1\" aria-expanded=\"false\"><div class=\"w-tabs-section-title\">Darf man w\u00e4hrend der Corrida Fotos machen?<\/div><div class=\"w-tabs-section-control\"><\/div><\/button><div  class=\"w-tabs-section-content\" id=\"content-x9e1\"><div class=\"w-tabs-section-content-h i-cf\"><div class=\"wpb_text_column\"><div class=\"wpb_wrapper\"><p data-start=\"2390\" data-end=\"2480\">Ja, normalerweise ist es erlaubt, aber ohne Blitz und unter Respektierung des Ablaufs der Vorstellung.<\/p>\n<\/div><\/div><\/div><\/div><\/div><div class=\"w-tabs-section\" id=\"ab15\"><button class=\"w-tabs-section-header\" aria-controls=\"content-ab15\" aria-expanded=\"false\"><div class=\"w-tabs-section-title\">Was passiert, wenn es regnet?<\/div><div class=\"w-tabs-section-control\"><\/div><\/button><div  class=\"w-tabs-section-content\" id=\"content-ab15\"><div class=\"w-tabs-section-content-h i-cf\"><div class=\"wpb_text_column\"><div class=\"wpb_wrapper\"><p>Die Corridas k\u00f6nnen stattfinden, wenn der Regen nicht stark ist. Im Falle einer Absage gelten die R\u00fcckerstattungsbedingungen des Veranstalters.<\/p>\n<\/div><\/div><\/div><\/div><\/div><div class=\"w-tabs-section\" id=\"nc88\"><button class=\"w-tabs-section-header\" aria-controls=\"content-nc88\" aria-expanded=\"false\"><div class=\"w-tabs-section-title\">Welche Kleidung sollte man zu einer Corrida in Sevilla tragen?<\/div><div class=\"w-tabs-section-control\"><\/div><\/button><div  class=\"w-tabs-section-content\" id=\"content-nc88\"><div class=\"w-tabs-section-content-h i-cf\"><div class=\"wpb_text_column\"><div class=\"wpb_wrapper\"><p data-start=\"2715\" data-end=\"2761\">Es gibt keinen obligatorischen Dresscode, aber es wird empfohlen:<\/p>\n<ul data-start=\"2762\" data-end=\"2874\">\n<li data-section-id=\"xg0sfn\" data-start=\"2762\" data-end=\"2777\">Bequeme Kleidung<\/li>\n<li data-section-id=\"e8yf4a\" data-start=\"2778\" data-end=\"2834\">Vermeiden Sie sehr informelle Kleidung in Schattenbereichen oder Logen<\/li>\n<li data-section-id=\"n97h5f\" data-start=\"2835\" data-end=\"2874\">Sonnenschutz in den Sonnenbereichen<\/li>\n<\/ul>\n<\/div><\/div><\/div><\/div><\/div><div class=\"w-tabs-section\" id=\"ude9\"><button class=\"w-tabs-section-header\" aria-controls=\"content-ude9\" aria-expanded=\"false\"><div class=\"w-tabs-section-title\">Gibt es einen Unterschied zwischen der Feria de Abril und San Miguel?<\/div><div class=\"w-tabs-section-control\"><\/div><\/button><div  class=\"w-tabs-section-content\" id=\"content-ude9\"><div class=\"w-tabs-section-content-h i-cf\"><div class=\"wpb_text_column\"><div class=\"wpb_wrapper\"><p data-start=\"2939\" data-end=\"2942\">Ja:<\/p>\n<ul data-start=\"2944\" data-end=\"3056\">\n<li data-section-id=\"yg8vnj\" data-start=\"2944\" data-end=\"2999\"><strong data-start=\"2946\" data-end=\"2964\">Feria de Abril<\/strong> \u2192 mehr Corridas, festliche Atmosph\u00e4re<\/li>\n<li data-section-id=\"2pm8l6\" data-start=\"3000\" data-end=\"3056\"><strong data-start=\"3002\" data-end=\"3016\">San Miguel<\/strong> \u2192 weniger Feste, aber auf h\u00f6chstem Niveau<\/li>\n<\/ul>\n<\/div><\/div><\/div><\/div><\/div><div class=\"w-tabs-section\" id=\"vf22\"><button class=\"w-tabs-section-header\" aria-controls=\"content-vf22\" aria-expanded=\"false\"><div class=\"w-tabs-section-title\">Wo befindet sich die Stierkampfarena von Sevilla?<\/div><div class=\"w-tabs-section-control\"><\/div><\/button><div  class=\"w-tabs-section-content\" id=\"content-vf22\"><div class=\"w-tabs-section-content-h i-cf\"><div class=\"wpb_text_column\"><div class=\"wpb_wrapper\"><p data-start=\"3109\" data-end=\"3197\">Sie befindet sich im historischen Zentrum, neben dem Fluss Guadalquivir, im Viertel El Arenal.<\/p>\n<\/div><\/div><\/div><\/div><\/div><div class=\"w-tabs-section\" id=\"a055\"><button class=\"w-tabs-section-header\" aria-controls=\"content-a055\" aria-expanded=\"false\"><div class=\"w-tabs-section-title\">Ist es schwierig, Tickets f\u00fcr wichtige Corridas zu bekommen?<\/div><div class=\"w-tabs-section-control\"><\/div><\/button><div  class=\"w-tabs-section-content\" id=\"content-a055\"><div class=\"w-tabs-section-content-h i-cf\"><div class=\"wpb_text_column\"><div class=\"wpb_wrapper\"><p data-start=\"3266\" data-end=\"3354\">Ja, besonders bei Besetzungen mit gro\u00dfen Figuren, wo sie innerhalb weniger Stunden ausverkauft sein k\u00f6nnen.<\/p>\n<\/div><\/div><\/div><\/div><\/div><\/div><\/div><\/div><\/div><\/div><\/div><\/section>\n","protected":false},"excerpt":{"rendered":"Stierkampftickets Sevilla 2026: Feria de Abril und San Miguel in der Maestranza Die Stierk\u00e4mpfe in Sevilla 2026 machen die Real Maestranza erneut zu einem der weltweiten Epizentren der Tauromachie. Die Stierkampfsaison in Sevilla verbindet Tradition, erstklassige Figuren und eine wachsende Nachfrage sowohl von Fans als auch vom internationalen Tourismus. Wenn Sie Eintrittskarten f\u00fcr Stierk\u00e4mpfe in...","protected":false},"author":1,"featured_media":3427,"comment_status":"closed","ping_status":"closed","sticky":false,"template":"","format":"standard","meta":{"footnotes":""},"categories":[19],"tags":[],"class_list":["post-3426","post","type-post","status-publish","format-standard","has-post-thumbnail","hentry","category-unkategorisiert"],"yoast_head":"<!-- This site is optimized with the Yoast SEO plugin v27.4 - https:\/\/yoast.com\/product\/yoast-seo-wordpress\/ -->\n<title>Stierkampftickets Sevilla 2026 - Plaza Toros Sevilla<\/title>\n<meta name=\"description\" content=\"Stierkampftickets Sevilla 2026\" \/>\n<meta name=\"robots\" content=\"index, follow, max-snippet:-1, max-image-preview:large, max-video-preview:-1\" \/>\n<link rel=\"canonical\" href=\"https:\/\/plazatorossevilla.com\/de\/stierkampf-tickets\/\" \/>\n<meta property=\"og:locale\" content=\"de_DE\" \/>\n<meta property=\"og:type\" content=\"article\" \/>\n<meta property=\"og:title\" content=\"Stierkampftickets Sevilla 2026 - Plaza Toros Sevilla\" \/>\n<meta property=\"og:description\" content=\"Stierkampftickets Sevilla 2026\" \/>\n<meta property=\"og:url\" content=\"https:\/\/plazatorossevilla.com\/de\/stierkampf-tickets\/\" \/>\n<meta property=\"og:site_name\" content=\"Plaza Toros Sevilla\" \/>\n<meta property=\"article:published_time\" content=\"2026-04-20T10:51:22+00:00\" \/>\n<meta property=\"article:modified_time\" content=\"2026-04-22T14:57:25+00:00\" \/>\n<meta name=\"author\" content=\"Marketing\" \/>\n<meta name=\"twitter:card\" content=\"summary_large_image\" \/>\n<meta name=\"twitter:label1\" content=\"Verfasst von\" \/>\n\t<meta name=\"twitter:data1\" content=\"Marketing\" \/>\n\t<meta name=\"twitter:label2\" content=\"Gesch\u00e4tzte Lesezeit\" \/>\n\t<meta name=\"twitter:data2\" content=\"5\u00a0Minuten\" \/>\n<script type=\"application\/ld+json\" class=\"yoast-schema-graph\">{\"@context\":\"https:\\\/\\\/schema.org\",\"@graph\":[{\"@type\":\"Article\",\"@id\":\"https:\\\/\\\/plazatorossevilla.com\\\/de\\\/stierkampf-tickets\\\/#article\",\"isPartOf\":{\"@id\":\"https:\\\/\\\/plazatorossevilla.com\\\/de\\\/stierkampftickets-sevilla-2026\\\/\"},\"author\":{\"name\":\"Marketing\",\"@id\":\"https:\\\/\\\/plazatorossevilla.com\\\/de\\\/#\\\/schema\\\/person\\\/bc6427176da34b2e1291b482fb6ec2fb\"},\"headline\":\"Stierkampftickets Sevilla 2026\",\"datePublished\":\"2026-04-20T10:51:22+00:00\",\"dateModified\":\"2026-04-22T14:57:25+00:00\",\"mainEntityOfPage\":{\"@id\":\"https:\\\/\\\/plazatorossevilla.com\\\/de\\\/stierkampftickets-sevilla-2026\\\/\"},\"wordCount\":1537,\"publisher\":{\"@id\":\"https:\\\/\\\/plazatorossevilla.com\\\/de\\\/#organization\"},\"image\":{\"@id\":\"https:\\\/\\\/plazatorossevilla.com\\\/de\\\/stierkampf-tickets\\\/#primaryimage\"},\"thumbnailUrl\":\"https:\\\/\\\/plazatorossevilla.com\\\/wp-content\\\/uploads\\\/2026\\\/04\\\/QJBRS2GGFBBU3HH4VICQOCLA7M.avif\",\"articleSection\":[\"Unkategorisiert\"],\"inLanguage\":\"de\"},{\"@type\":\"WebPage\",\"@id\":\"https:\\\/\\\/plazatorossevilla.com\\\/de\\\/stierkampftickets-sevilla-2026\\\/\",\"url\":\"https:\\\/\\\/plazatorossevilla.com\\\/de\\\/stierkampf-tickets\\\/\",\"name\":\"Stierkampftickets Sevilla 2026 - Plaza Toros Sevilla\",\"isPartOf\":{\"@id\":\"https:\\\/\\\/plazatorossevilla.com\\\/de\\\/#website\"},\"primaryImageOfPage\":{\"@id\":\"https:\\\/\\\/plazatorossevilla.com\\\/de\\\/stierkampf-tickets\\\/#primaryimage\"},\"image\":{\"@id\":\"https:\\\/\\\/plazatorossevilla.com\\\/de\\\/stierkampf-tickets\\\/#primaryimage\"},\"thumbnailUrl\":\"https:\\\/\\\/plazatorossevilla.com\\\/wp-content\\\/uploads\\\/2026\\\/04\\\/QJBRS2GGFBBU3HH4VICQOCLA7M.avif\",\"datePublished\":\"2026-04-20T10:51:22+00:00\",\"dateModified\":\"2026-04-22T14:57:25+00:00\",\"description\":\"Stierkampftickets Sevilla 2026\",\"breadcrumb\":{\"@id\":\"https:\\\/\\\/plazatorossevilla.com\\\/de\\\/stierkampf-tickets\\\/#breadcrumb\"},\"inLanguage\":\"de\",\"potentialAction\":[{\"@type\":\"ReadAction\",\"target\":[\"https:\\\/\\\/plazatorossevilla.com\\\/de\\\/stierkampf-tickets\\\/\"]}]},{\"@type\":\"ImageObject\",\"inLanguage\":\"de\",\"@id\":\"https:\\\/\\\/plazatorossevilla.com\\\/de\\\/stierkampf-tickets\\\/#primaryimage\",\"url\":\"https:\\\/\\\/plazatorossevilla.com\\\/wp-content\\\/uploads\\\/2026\\\/04\\\/QJBRS2GGFBBU3HH4VICQOCLA7M.avif\",\"contentUrl\":\"https:\\\/\\\/plazatorossevilla.com\\\/wp-content\\\/uploads\\\/2026\\\/04\\\/QJBRS2GGFBBU3HH4VICQOCLA7M.avif\",\"width\":1200,\"height\":926,\"caption\":\"Stierkampftickets Sevilla 2026\"},{\"@type\":\"BreadcrumbList\",\"@id\":\"https:\\\/\\\/plazatorossevilla.com\\\/de\\\/stierkampf-tickets\\\/#breadcrumb\",\"itemListElement\":[{\"@type\":\"ListItem\",\"position\":1,\"name\":\"Portada\",\"item\":\"https:\\\/\\\/plazatorossevilla.com\\\/de\\\/\"},{\"@type\":\"ListItem\",\"position\":2,\"name\":\"Stierkampftickets Sevilla 2026\"}]},{\"@type\":\"WebSite\",\"@id\":\"https:\\\/\\\/plazatorossevilla.com\\\/de\\\/#website\",\"url\":\"https:\\\/\\\/plazatorossevilla.com\\\/de\\\/\",\"name\":\"Plaza Toros Sevilla\",\"description\":\"Entradas a corridas de toros en Sevilla, Plaza de Toros La Maestranza\",\"publisher\":{\"@id\":\"https:\\\/\\\/plazatorossevilla.com\\\/de\\\/#organization\"},\"potentialAction\":[{\"@type\":\"SearchAction\",\"target\":{\"@type\":\"EntryPoint\",\"urlTemplate\":\"https:\\\/\\\/plazatorossevilla.com\\\/de\\\/?s={search_term_string}\"},\"query-input\":{\"@type\":\"PropertyValueSpecification\",\"valueRequired\":true,\"valueName\":\"search_term_string\"}}],\"inLanguage\":\"de\"},{\"@type\":\"Organization\",\"@id\":\"https:\\\/\\\/plazatorossevilla.com\\\/de\\\/#organization\",\"name\":\"Plaza Toros Sevilla\",\"url\":\"https:\\\/\\\/plazatorossevilla.com\\\/de\\\/\",\"logo\":{\"@type\":\"ImageObject\",\"inLanguage\":\"de\",\"@id\":\"https:\\\/\\\/plazatorossevilla.com\\\/de\\\/#\\\/schema\\\/logo\\\/image\\\/\",\"url\":\"https:\\\/\\\/plazatorossevilla.com\\\/wp-content\\\/uploads\\\/2026\\\/03\\\/Logo-plaza-toros-sevilla.webp\",\"contentUrl\":\"https:\\\/\\\/plazatorossevilla.com\\\/wp-content\\\/uploads\\\/2026\\\/03\\\/Logo-plaza-toros-sevilla.webp\",\"width\":286,\"height\":200,\"caption\":\"Plaza Toros Sevilla\"},\"image\":{\"@id\":\"https:\\\/\\\/plazatorossevilla.com\\\/de\\\/#\\\/schema\\\/logo\\\/image\\\/\"}},{\"@type\":\"Person\",\"@id\":\"https:\\\/\\\/plazatorossevilla.com\\\/de\\\/#\\\/schema\\\/person\\\/bc6427176da34b2e1291b482fb6ec2fb\",\"name\":\"Marketing\",\"image\":{\"@type\":\"ImageObject\",\"inLanguage\":\"de\",\"@id\":\"https:\\\/\\\/secure.gravatar.com\\\/avatar\\\/2c03e1a8691cff42cdbffdaf0b1a4a8d0203aaa61e9a18db2956bd6c8b777fd6?s=96&d=mm&r=g\",\"url\":\"https:\\\/\\\/secure.gravatar.com\\\/avatar\\\/2c03e1a8691cff42cdbffdaf0b1a4a8d0203aaa61e9a18db2956bd6c8b777fd6?s=96&d=mm&r=g\",\"contentUrl\":\"https:\\\/\\\/secure.gravatar.com\\\/avatar\\\/2c03e1a8691cff42cdbffdaf0b1a4a8d0203aaa61e9a18db2956bd6c8b777fd6?s=96&d=mm&r=g\",\"caption\":\"Marketing\"},\"sameAs\":[\"https:\\\/\\\/plazatorossevilla.com\"],\"url\":\"https:\\\/\\\/plazatorossevilla.com\\\/de\\\/author\\\/marketing\\\/\"}]}<\/script>\n<!-- \/ Yoast SEO plugin. -->","yoast_head_json":{"title":"Stierkampftickets Sevilla 2026 - Plaza Toros Sevilla","description":"Stierkampftickets Sevilla 2026","robots":{"index":"index","follow":"follow","max-snippet":"max-snippet:-1","max-image-preview":"max-image-preview:large","max-video-preview":"max-video-preview:-1"},"canonical":"https:\/\/plazatorossevilla.com\/de\/stierkampf-tickets\/","og_locale":"de_DE","og_type":"article","og_title":"Stierkampftickets Sevilla 2026 - Plaza Toros Sevilla","og_description":"Stierkampftickets Sevilla 2026","og_url":"https:\/\/plazatorossevilla.com\/de\/stierkampf-tickets\/","og_site_name":"Plaza Toros Sevilla","article_published_time":"2026-04-20T10:51:22+00:00","article_modified_time":"2026-04-22T14:57:25+00:00","author":"Marketing","twitter_card":"summary_large_image","twitter_misc":{"Verfasst von":"Marketing","Gesch\u00e4tzte Lesezeit":"5\u00a0Minuten"},"schema":{"@context":"https:\/\/schema.org","@graph":[{"@type":"Article","@id":"https:\/\/plazatorossevilla.com\/de\/stierkampf-tickets\/#article","isPartOf":{"@id":"https:\/\/plazatorossevilla.com\/de\/stierkampftickets-sevilla-2026\/"},"author":{"name":"Marketing","@id":"https:\/\/plazatorossevilla.com\/de\/#\/schema\/person\/bc6427176da34b2e1291b482fb6ec2fb"},"headline":"Stierkampftickets Sevilla 2026","datePublished":"2026-04-20T10:51:22+00:00","dateModified":"2026-04-22T14:57:25+00:00","mainEntityOfPage":{"@id":"https:\/\/plazatorossevilla.com\/de\/stierkampftickets-sevilla-2026\/"},"wordCount":1537,"publisher":{"@id":"https:\/\/plazatorossevilla.com\/de\/#organization"},"image":{"@id":"https:\/\/plazatorossevilla.com\/de\/stierkampf-tickets\/#primaryimage"},"thumbnailUrl":"https:\/\/plazatorossevilla.com\/wp-content\/uploads\/2026\/04\/QJBRS2GGFBBU3HH4VICQOCLA7M.avif","articleSection":["Unkategorisiert"],"inLanguage":"de"},{"@type":"WebPage","@id":"https:\/\/plazatorossevilla.com\/de\/stierkampftickets-sevilla-2026\/","url":"https:\/\/plazatorossevilla.com\/de\/stierkampf-tickets\/","name":"Stierkampftickets Sevilla 2026 - Plaza Toros Sevilla","isPartOf":{"@id":"https:\/\/plazatorossevilla.com\/de\/#website"},"primaryImageOfPage":{"@id":"https:\/\/plazatorossevilla.com\/de\/stierkampf-tickets\/#primaryimage"},"image":{"@id":"https:\/\/plazatorossevilla.com\/de\/stierkampf-tickets\/#primaryimage"},"thumbnailUrl":"https:\/\/plazatorossevilla.com\/wp-content\/uploads\/2026\/04\/QJBRS2GGFBBU3HH4VICQOCLA7M.avif","datePublished":"2026-04-20T10:51:22+00:00","dateModified":"2026-04-22T14:57:25+00:00","description":"Stierkampftickets Sevilla 2026","breadcrumb":{"@id":"https:\/\/plazatorossevilla.com\/de\/stierkampf-tickets\/#breadcrumb"},"inLanguage":"de","potentialAction":[{"@type":"ReadAction","target":["https:\/\/plazatorossevilla.com\/de\/stierkampf-tickets\/"]}]},{"@type":"ImageObject","inLanguage":"de","@id":"https:\/\/plazatorossevilla.com\/de\/stierkampf-tickets\/#primaryimage","url":"https:\/\/plazatorossevilla.com\/wp-content\/uploads\/2026\/04\/QJBRS2GGFBBU3HH4VICQOCLA7M.avif","contentUrl":"https:\/\/plazatorossevilla.com\/wp-content\/uploads\/2026\/04\/QJBRS2GGFBBU3HH4VICQOCLA7M.avif","width":1200,"height":926,"caption":"Stierkampftickets Sevilla 2026"},{"@type":"BreadcrumbList","@id":"https:\/\/plazatorossevilla.com\/de\/stierkampf-tickets\/#breadcrumb","itemListElement":[{"@type":"ListItem","position":1,"name":"Portada","item":"https:\/\/plazatorossevilla.com\/de\/"},{"@type":"ListItem","position":2,"name":"Stierkampftickets Sevilla 2026"}]},{"@type":"WebSite","@id":"https:\/\/plazatorossevilla.com\/de\/#website","url":"https:\/\/plazatorossevilla.com\/de\/","name":"Plaza Toros Sevilla","description":"Entradas a corridas de toros en Sevilla, Plaza de Toros La Maestranza","publisher":{"@id":"https:\/\/plazatorossevilla.com\/de\/#organization"},"potentialAction":[{"@type":"SearchAction","target":{"@type":"EntryPoint","urlTemplate":"https:\/\/plazatorossevilla.com\/de\/?s={search_term_string}"},"query-input":{"@type":"PropertyValueSpecification","valueRequired":true,"valueName":"search_term_string"}}],"inLanguage":"de"},{"@type":"Organization","@id":"https:\/\/plazatorossevilla.com\/de\/#organization","name":"Plaza Toros Sevilla","url":"https:\/\/plazatorossevilla.com\/de\/","logo":{"@type":"ImageObject","inLanguage":"de","@id":"https:\/\/plazatorossevilla.com\/de\/#\/schema\/logo\/image\/","url":"https:\/\/plazatorossevilla.com\/wp-content\/uploads\/2026\/03\/Logo-plaza-toros-sevilla.webp","contentUrl":"https:\/\/plazatorossevilla.com\/wp-content\/uploads\/2026\/03\/Logo-plaza-toros-sevilla.webp","width":286,"height":200,"caption":"Plaza Toros Sevilla"},"image":{"@id":"https:\/\/plazatorossevilla.com\/de\/#\/schema\/logo\/image\/"}},{"@type":"Person","@id":"https:\/\/plazatorossevilla.com\/de\/#\/schema\/person\/bc6427176da34b2e1291b482fb6ec2fb","name":"Marketing","image":{"@type":"ImageObject","inLanguage":"de","@id":"https:\/\/secure.gravatar.com\/avatar\/2c03e1a8691cff42cdbffdaf0b1a4a8d0203aaa61e9a18db2956bd6c8b777fd6?s=96&d=mm&r=g","url":"https:\/\/secure.gravatar.com\/avatar\/2c03e1a8691cff42cdbffdaf0b1a4a8d0203aaa61e9a18db2956bd6c8b777fd6?s=96&d=mm&r=g","contentUrl":"https:\/\/secure.gravatar.com\/avatar\/2c03e1a8691cff42cdbffdaf0b1a4a8d0203aaa61e9a18db2956bd6c8b777fd6?s=96&d=mm&r=g","caption":"Marketing"},"sameAs":["https:\/\/plazatorossevilla.com"],"url":"https:\/\/plazatorossevilla.com\/de\/author\/marketing\/"}]}},"_links":{"self":[{"href":"https:\/\/plazatorossevilla.com\/de\/wp-json\/wp\/v2\/posts\/3426","targetHints":{"allow":["GET"]}}],"collection":[{"href":"https:\/\/plazatorossevilla.com\/de\/wp-json\/wp\/v2\/posts"}],"about":[{"href":"https:\/\/plazatorossevilla.com\/de\/wp-json\/wp\/v2\/types\/post"}],"author":[{"embeddable":true,"href":"https:\/\/plazatorossevilla.com\/de\/wp-json\/wp\/v2\/users\/1"}],"replies":[{"embeddable":true,"href":"https:\/\/plazatorossevilla.com\/de\/wp-json\/wp\/v2\/comments?post=3426"}],"version-history":[{"count":3,"href":"https:\/\/plazatorossevilla.com\/de\/wp-json\/wp\/v2\/posts\/3426\/revisions"}],"predecessor-version":[{"id":4016,"href":"https:\/\/plazatorossevilla.com\/de\/wp-json\/wp\/v2\/posts\/3426\/revisions\/4016"}],"wp:featuredmedia":[{"embeddable":true,"href":"https:\/\/plazatorossevilla.com\/de\/wp-json\/wp\/v2\/media\/3427"}],"wp:attachment":[{"href":"https:\/\/plazatorossevilla.com\/de\/wp-json\/wp\/v2\/media?parent=3426"}],"wp:term":[{"taxonomy":"category","embeddable":true,"href":"https:\/\/plazatorossevilla.com\/de\/wp-json\/wp\/v2\/categories?post=3426"},{"taxonomy":"post_tag","embeddable":true,"href":"https:\/\/plazatorossevilla.com\/de\/wp-json\/wp\/v2\/tags?post=3426"}],"curies":[{"name":"wp","href":"https:\/\/api.w.org\/{rel}","templated":true}]}}